{"id":84576,"date":"2024-12-27T14:19:29","date_gmt":"2024-12-27T19:19:29","guid":{"rendered":"https:\/\/www.evafm.net\/sitio\/?p=84576"},"modified":"2024-12-27T14:20:52","modified_gmt":"2024-12-27T19:20:52","slug":"montevideo-city-torque-oficializo-a-sebastian-rodriguez","status":"publish","type":"post","link":"https:\/\/www.evafm.net\/sitio\/montevideo-city-torque-oficializo-a-sebastian-rodriguez\/","title":{"rendered":"Montevideo City Torque oficializo a Sebasti\u00e1n Rodr\u00edguez"},"content":{"rendered":"<p>Un d\u00eda despu\u00e9s de confirmarse la salida de <strong>Sebasti\u00e1n Rodr\u00edguez de Alianza Lima,<\/strong> el volante uruguayo fich\u00f3 con el<\/p>\n<p><strong> Montevideo City Torque hasta el 2026.<\/strong><\/p>\n<p>&nbsp;<\/p>\n<p>Como se recuerda, &#8216;Bigote&#8217; fue titular indiscutible este 2024 con Alianza Lima, jugando 33 de los 34 duelos en la Liga1<\/p>\n<p>Te Apuesto, en donde pudo anotaro dos goles y dio siete asistencias, mientras en la Copa Libertadores disput\u00f3 cinco duelo<\/p>\n<p>y dio una asistencia.<\/p>\n<div class=\"google-auto-placed ap_container\">\n<p>&nbsp;<\/p>\n<div id=\"aswift_2_host\"><\/div>\n<p>&nbsp;<\/p>\n<\/div>\n<p>De esta forma, el futbolista de 32 a\u00f1os jugar\u00e1 en su quinto club uruguayo, ya que antes estuvo en<\/p>\n<p><strong>Danubio, Liverpool, Nacional y Pe\u00f1arol<\/strong>.<\/p>\n<p>Ahora, busca hacer historia con los &#8216;<strong>ciudadanos&#8217;. (D)<\/strong><\/p>\n<p>&nbsp;<\/p>\n<p>&nbsp;<\/p>\n<blockquote class=\"twitter-tweet\" data-width=\"550\" data-dnt=\"true\">\n<p lang=\"es\" dir=\"ltr\">\ud83e\ude84 \ud835\udc39\ud835\udc62\ud835\udc4f\ud835\udc5c\ud835\udc59 \ud835\udc66 \ud835\udc5a\ud835\udc4e\u0301\ud835\udc60 \ud835\udc53\ud835\udc62\ud835\udc4f\ud835\udc5c\ud835\udc59.<\/p>\n<p>\ud835\udde6\ud835\uddf2\ud835\uddef\ud835\uddee\ud835\ude00\ud835\ude01\ud835\uddf6\ud835\uddee\u0301\ud835\uddfb \ud835\udde5\ud835\uddfc\ud835\uddf1\ud835\uddff\ud835\uddf6\u0301\ud835\uddf4\ud835\ude02\ud835\uddf2\ud835\ude07 es nuevo jugador de <a href=\"https:\/\/twitter.com\/MvdCityTorque?ref_src=twsrc%5Etfw\">@MvdCityTorque<\/a>. <\/p>\n<p>\ud83e\udd19\ud83c\udffc \u00a1Bienvenido, <a href=\"https:\/\/twitter.com\/Sebas_r8?ref_src=twsrc%5Etfw\">@Sebas_r8<\/a>! \ud83d\udc68\ud83c\udffb <a href=\"https:\/\/t.co\/wZeOvJVXOt\">pic.twitter.com\/wZeOvJVXOt<\/a><\/p>\n<p>&mdash; Montevideo City Torque (@MvdCityTorque) <a href=\"https:\/\/twitter.com\/MvdCityTorque\/status\/1871306282143228193?ref_src=twsrc%5Etfw\">December 23, 2024<\/a><\/p><\/blockquote>\n<p><script async src=\"https:\/\/platform.twitter.com\/widgets.js\" charset=\"utf-8\"><\/script><\/p>\n<p>&nbsp;<\/p>\n<p>Fuente: evafm.net &#8211; studiofutbol.com.ec<\/p>\n<div class=\"gsp_post_data\" \r\n\t            data-post_type=\"post\" \r\n\t            data-cat=\"deportes-internacionales\" \r\n\t            data-modified=\"120\"\r\n\t            data-created=\"1735309169\"\r\n\t            data-title=\"Montevideo City Torque oficializo a Sebasti\u00e1n Rodr\u00edguez\" \r\n\t            data-home=\"https:\/\/www.evafm.net\/sitio\"><\/div>","protected":false},"excerpt":{"rendered":"<p>Un d\u00eda despu\u00e9s de confirmarse la salida de Sebasti\u00e1n Rodr\u00edguez de Alianza Lima, el volante uruguayo fich\u00f3 con el Montevideo City Torque hasta el 2026. &nbsp; Como se recuerda, &#8216;Bigote&#8217; fue titular indiscutible este 2024 con Alianza Lima, jugando 33 de los 34 duelos en la Liga1 Te Apuesto, en donde pudo anotaro dos goles&#8230;<\/p>\n","protected":false},"author":5,"featured_media":84577,"comment_status":"closed","ping_status":"open","sticky":false,"template":"","format":"standard","meta":{"_joinchat":[],"footnotes":""},"categories":[1342],"tags":[],"class_list":["post-84576","post","type-post","status-publish","format-standard","has-post-thumbnail","hentry","category-deportes-internacionales","have-post-thumb"],"_links":{"self":[{"href":"https:\/\/www.evafm.net\/sitio\/wp-json\/wp\/v2\/posts\/84576","targetHints":{"allow":["GET"]}}],"collection":[{"href":"https:\/\/www.evafm.net\/sitio\/wp-json\/wp\/v2\/posts"}],"about":[{"href":"https:\/\/www.evafm.net\/sitio\/wp-json\/wp\/v2\/types\/post"}],"author":[{"embeddable":true,"href":"https:\/\/www.evafm.net\/sitio\/wp-json\/wp\/v2\/users\/5"}],"replies":[{"embeddable":true,"href":"https:\/\/www.evafm.net\/sitio\/wp-json\/wp\/v2\/comments?post=84576"}],"version-history":[{"count":2,"href":"https:\/\/www.evafm.net\/sitio\/wp-json\/wp\/v2\/posts\/84576\/revisions"}],"predecessor-version":[{"id":84579,"href":"https:\/\/www.evafm.net\/sitio\/wp-json\/wp\/v2\/posts\/84576\/revisions\/84579"}],"wp:featuredmedia":[{"embeddable":true,"href":"https:\/\/www.evafm.net\/sitio\/wp-json\/wp\/v2\/media\/84577"}],"wp:attachment":[{"href":"https:\/\/www.evafm.net\/sitio\/wp-json\/wp\/v2\/media?parent=84576"}],"wp:term":[{"taxonomy":"category","embeddable":true,"href":"https:\/\/www.evafm.net\/sitio\/wp-json\/wp\/v2\/categories?post=84576"},{"taxonomy":"post_tag","embeddable":true,"href":"https:\/\/www.evafm.net\/sitio\/wp-json\/wp\/v2\/tags?post=84576"}],"curies":[{"name":"wp","href":"https:\/\/api.w.org\/{rel}","templated":true}]}}