{"id":84581,"date":"2024-12-27T21:19:02","date_gmt":"2024-12-28T02:19:02","guid":{"rendered":"https:\/\/www.evafm.net\/sitio\/?p=84581"},"modified":"2024-12-27T21:19:02","modified_gmt":"2024-12-28T02:19:02","slug":"supercopa-ecuador-se-jugara-el-1-de-febrero","status":"publish","type":"post","link":"https:\/\/www.evafm.net\/sitio\/supercopa-ecuador-se-jugara-el-1-de-febrero\/","title":{"rendered":"Supercopa Ecuador se jugara el 1 de febrero"},"content":{"rendered":"<p><strong>\u00a0Federaci\u00f3n Ecuatoriana de F\u00fatbol <\/strong>anunci\u00f3 la fecha para la disputa de la <strong>Super Copa Ecuador.<\/strong><\/p>\n<p>El Nacional ganador de la Copa Ecuador y Liga de Quito vencedor de la LigaPro Ecuabet, se enfrentar\u00e1n<\/p>\n<p>el s\u00e1bado 1 de febrero en Quito para definir al S\u00faper Campe\u00f3n de la temporada.<\/p>\n<p>&#8216;Militares&#8217; y &#8216;albos&#8217; vuelven a jugar una final 25 a\u00f1os despu\u00e9s.<\/p>\n<p>La sede para este encuentro se confirmar\u00e1 en las pr\u00f3ximas semanas. <strong>(D)<\/strong><\/p>\n<p>&nbsp;<\/p>\n<blockquote class=\"twitter-tweet\" data-width=\"550\" data-dnt=\"true\">\n<p lang=\"es\" dir=\"ltr\">\ud83d\ude09 \u00a1Se viene la Supercopa Ecuador Ecuabet! \ud83c\udfc6\ud83c\uddea\ud83c\udde8<\/p>\n<p>\u26bd <a href=\"https:\/\/twitter.com\/elnacionalec?ref_src=twsrc%5Etfw\">@elnacionalec<\/a>, ganador de la Copa Ecuador DIRECTV PlayGreen, y <a href=\"https:\/\/twitter.com\/LDU_Oficial?ref_src=twsrc%5Etfw\">@LDU_Oficial<\/a>, vencedor de la LigaPro Ecuabet, se enfrentar\u00e1n el s\u00e1bado 1 de febrero en Quito para definir al S\u00faper Campe\u00f3n de la temporada \u26bd\u2026 <a href=\"https:\/\/t.co\/mSQeQ0xRgA\">pic.twitter.com\/mSQeQ0xRgA<\/a><\/p>\n<p>&mdash; FEF \ud83c\uddea\ud83c\udde8 (@FEFecuador) <a href=\"https:\/\/twitter.com\/FEFecuador\/status\/1872753548695314759?ref_src=twsrc%5Etfw\">December 27, 2024<\/a><\/p><\/blockquote>\n<p><script async src=\"https:\/\/platform.twitter.com\/widgets.js\" charset=\"utf-8\"><\/script><\/p>\n<p>&nbsp;<\/p>\n<p>Fuente: evafm.net &#8211; studiofutbol.com.ec<\/p>\n<div class=\"gsp_post_data\" \r\n\t            data-post_type=\"post\" \r\n\t            data-cat=\"deportes-ecuador\" \r\n\t            data-modified=\"120\"\r\n\t            data-created=\"1735334342\"\r\n\t            data-title=\"Supercopa Ecuador se jugara el 1 de febrero\" \r\n\t            data-home=\"https:\/\/www.evafm.net\/sitio\"><\/div>","protected":false},"excerpt":{"rendered":"<p>\u00a0Federaci\u00f3n Ecuatoriana de F\u00fatbol anunci\u00f3 la fecha para la disputa de la Super Copa Ecuador. El Nacional ganador de la Copa Ecuador y Liga de Quito vencedor de la LigaPro Ecuabet, se enfrentar\u00e1n el s\u00e1bado 1 de febrero en Quito para definir al S\u00faper Campe\u00f3n de la temporada. &#8216;Militares&#8217; y &#8216;albos&#8217; vuelven a jugar una&#8230;<\/p>\n","protected":false},"author":5,"featured_media":84584,"comment_status":"closed","ping_status":"open","sticky":false,"template":"","format":"standard","meta":{"_joinchat":[],"footnotes":""},"categories":[1557],"tags":[],"class_list":["post-84581","post","type-post","status-publish","format-standard","has-post-thumbnail","hentry","category-deportes-ecuador","have-post-thumb"],"_links":{"self":[{"href":"https:\/\/www.evafm.net\/sitio\/wp-json\/wp\/v2\/posts\/84581","targetHints":{"allow":["GET"]}}],"collection":[{"href":"https:\/\/www.evafm.net\/sitio\/wp-json\/wp\/v2\/posts"}],"about":[{"href":"https:\/\/www.evafm.net\/sitio\/wp-json\/wp\/v2\/types\/post"}],"author":[{"embeddable":true,"href":"https:\/\/www.evafm.net\/sitio\/wp-json\/wp\/v2\/users\/5"}],"replies":[{"embeddable":true,"href":"https:\/\/www.evafm.net\/sitio\/wp-json\/wp\/v2\/comments?post=84581"}],"version-history":[{"count":1,"href":"https:\/\/www.evafm.net\/sitio\/wp-json\/wp\/v2\/posts\/84581\/revisions"}],"predecessor-version":[{"id":84585,"href":"https:\/\/www.evafm.net\/sitio\/wp-json\/wp\/v2\/posts\/84581\/revisions\/84585"}],"wp:featuredmedia":[{"embeddable":true,"href":"https:\/\/www.evafm.net\/sitio\/wp-json\/wp\/v2\/media\/84584"}],"wp:attachment":[{"href":"https:\/\/www.evafm.net\/sitio\/wp-json\/wp\/v2\/media?parent=84581"}],"wp:term":[{"taxonomy":"category","embeddable":true,"href":"https:\/\/www.evafm.net\/sitio\/wp-json\/wp\/v2\/categories?post=84581"},{"taxonomy":"post_tag","embeddable":true,"href":"https:\/\/www.evafm.net\/sitio\/wp-json\/wp\/v2\/tags?post=84581"}],"curies":[{"name":"wp","href":"https:\/\/api.w.org\/{rel}","templated":true}]}}