{"id":84586,"date":"2024-12-27T21:28:06","date_gmt":"2024-12-28T02:28:06","guid":{"rendered":"https:\/\/www.evafm.net\/sitio\/?p=84586"},"modified":"2024-12-27T21:28:19","modified_gmt":"2024-12-28T02:28:19","slug":"barcelona-sc-oficializo-a-gustavo-vallecilla","status":"publish","type":"post","link":"https:\/\/www.evafm.net\/sitio\/barcelona-sc-oficializo-a-gustavo-vallecilla\/","title":{"rendered":"Barcelona SC oficializo a Gustavo Vallecilla"},"content":{"rendered":"<p>Este viernes, <strong>Barcelona S. C<\/strong> anunci\u00f3 a su primer refuerzo para la temporada 2025, se trata de <strong>Gustavo Vallecilla.<\/strong><\/p>\n<p>&nbsp;<\/p>\n<p>El central que ya estuvo en el cuadro torero la temporada 2020 donde se proclam\u00f3 campe\u00f3n, llega procedente de<\/p>\n<p>Universidad Cat\u00f3lica donde disput\u00f3 un total de 40 partidos (entre LigaPro y Copa Sudamericana) y marc\u00f3 1 gol.<\/p>\n<p>&nbsp;<\/p>\n<p><strong>A nivel internacional, estuvo en la Liga de Estados Unidos (MLS), donde jug\u00f3 en los equipos:<\/strong><\/p>\n<p>Cincinnati, Colorado Rapids, Columbus Crew.<\/p>\n<p><strong>Vallecilla de 25 a\u00f1os,<\/strong> firm\u00f3 por un a\u00f1o con el &#8216;\u00eddolo&#8217; con opci\u00f3n a renovar por tres m\u00e1s. <strong>(D)<\/strong><\/p>\n<p>&nbsp;<\/p>\n<div class=\"css-175oi2r r-zl2h9q\">\n<div class=\"css-175oi2r r-k4xj1c r-18u37iz r-1wtj0ep\">\n<div class=\"css-175oi2r r-1d09ksm r-18u37iz r-1wbh5a2\">\n<div class=\"css-175oi2r r-1wbh5a2 r-dnmrzs r-1ny4l3l\">\n<div id=\"id__ux02wb6yzio\" class=\"css-175oi2r r-1wbh5a2 r-dnmrzs r-1ny4l3l r-1awozwy r-18u37iz\" data-testid=\"User-Name\">\n<div class=\"css-175oi2r r-1awozwy r-18u37iz r-1wbh5a2 r-dnmrzs\">\n<div class=\"css-175oi2r r-1wbh5a2 r-dnmrzs\">\n<div class=\"css-175oi2r r-1awozwy r-18u37iz r-1wbh5a2 r-dnmrzs\">\n<div class=\"css-146c3p1 r-bcqeeo r-1ttztb7 r-qvutc0 r-37j5jr r-a023e6 r-rjixqe r-b88u0q r-1awozwy r-6koalj r-1udh08x r-3s2u2q\" dir=\"ltr\"><strong><span class=\"css-1jxf684 r-dnmrzs r-1udh08x r-3s2u2q r-bcqeeo r-1ttztb7 r-qvutc0 r-poiln3\"><span class=\"css-1jxf684 r-bcqeeo r-1ttztb7 r-qvutc0 r-poiln3\">BARCELONA S.C.<\/span><\/span><\/strong><\/div>\n<div class=\"css-146c3p1 r-bcqeeo r-1ttztb7 r-qvutc0 r-37j5jr r-a023e6 r-rjixqe r-16dba41 r-xoduu5 r-18u37iz r-1q142lx\" dir=\"ltr\"><\/div>\n<\/div>\n<\/div>\n<\/div>\n<div class=\"css-175oi2r r-18u37iz r-1wbh5a2 r-1ez5h0i\">\n<div class=\"css-175oi2r r-1d09ksm r-18u37iz r-1wbh5a2\">\n<div class=\"css-175oi2r r-1wbh5a2 r-dnmrzs\">\n<div class=\"css-146c3p1 r-dnmrzs r-1udh08x r-3s2u2q r-bcqeeo r-1ttztb7 r-qvutc0 r-37j5jr r-a023e6 r-rjixqe r-16dba41 r-18u37iz r-1wvb978\" dir=\"ltr\"><strong><span class=\"css-1jxf684 r-bcqeeo r-1ttztb7 r-qvutc0 r-poiln3\">@BarcelonaSC<\/span><\/strong><\/div>\n<\/div>\n<div class=\"css-146c3p1 r-bcqeeo r-1ttztb7 r-qvutc0 r-37j5jr r-a023e6 r-rjixqe r-16dba41 r-1q142lx r-n7gxbd\" dir=\"ltr\" aria-hidden=\"true\"><\/div>\n<\/div>\n<\/div>\n<\/div>\n<\/div>\n<\/div>\n<div class=\"css-175oi2r r-1kkk96v\">\n<div class=\"css-175oi2r r-1awozwy r-18u37iz r-1cmwbt1 r-1wtj0ep\">\n<div class=\"css-175oi2r r-1awozwy r-6koalj r-18u37iz\">\n<div class=\"css-175oi2r\">\n<div class=\"css-175oi2r r-18u37iz r-1h0z5md\">\n<div class=\"css-146c3p1 r-bcqeeo r-1ttztb7 r-qvutc0 r-37j5jr r-a023e6 r-rjixqe r-16dba41 r-1awozwy r-6koalj r-1h0z5md r-o7ynqc r-clp7b1 r-3s2u2q\" dir=\"ltr\">\n<div class=\"css-175oi2r r-xoduu5\">\n<div class=\"css-175oi2r r-xoduu5 r-1p0dtai r-1d2f490 r-u8s1d r-zchlnj r-ipm5af r-1niwhzg r-sdzlij r-xf4iuw r-o7ynqc r-6416eg r-1ny4l3l\"><\/div>\n<\/div>\n<\/div>\n<\/div>\n<\/div>\n<\/div>\n<\/div>\n<\/div>\n<\/div>\n<\/div>\n<div class=\"css-175oi2r\">\n<div id=\"id__n6ik3epj1rc\" class=\"css-146c3p1 r-8akbws r-krxsd3 r-dnmrzs r-1udh08x r-bcqeeo r-1ttztb7 r-qvutc0 r-37j5jr r-a023e6 r-rjixqe r-16dba41 r-bnwqim\" dir=\"auto\" lang=\"es\" data-testid=\"tweetText\">\n<p><span class=\"css-1jxf684 r-bcqeeo r-1ttztb7 r-qvutc0 r-poiln3\"> \u00a1La felicidad de volver\u2026 a casa! <\/span><span class=\"css-1jxf684 r-bcqeeo r-1ttztb7 r-qvutc0 r-poiln3\"> Juntos siempre, <\/span><\/p>\n<div class=\"css-175oi2r r-xoduu5\"><span class=\"r-18u37iz\">@sociosbsc<\/span><\/div>\n<p><span class=\"r-18u37iz\">#BarcelonaSomosTodos<\/span><span class=\"css-1jxf684 r-bcqeeo r-1ttztb7 r-qvutc0 r-poiln3\"> + Gustavo Vallecilla<\/span><\/p>\n<\/div>\n<\/div>\n<div dir=\"auto\" lang=\"es\" data-testid=\"tweetText\"><\/div>\n<div dir=\"auto\" lang=\"es\" data-testid=\"tweetText\"><\/div>\n<div dir=\"auto\" lang=\"es\" data-testid=\"tweetText\"><img fetchpriority=\"high\" decoding=\"async\" class=\"\" src=\"https:\/\/pbs.twimg.com\/media\/Gf2JNrAWoAEIM2q?format=jpg&amp;name=large\" alt=\"Imagen\" width=\"509\" height=\"416\" \/><\/div>\n<div dir=\"auto\" lang=\"es\" data-testid=\"tweetText\"><\/div>\n<div dir=\"auto\" lang=\"es\" data-testid=\"tweetText\"><\/div>\n<div dir=\"auto\" lang=\"es\" data-testid=\"tweetText\"><img decoding=\"async\" class=\"\" src=\"https:\/\/pbs.twimg.com\/media\/Gf2JNrBWUAAeIOK?format=jpg&amp;name=large\" alt=\"Imagen\" width=\"507\" height=\"338\" \/><\/div>\n<div dir=\"auto\" lang=\"es\" data-testid=\"tweetText\"><\/div>\n<div dir=\"auto\" lang=\"es\" data-testid=\"tweetText\"><img decoding=\"async\" class=\"\" src=\"https:\/\/pbs.twimg.com\/media\/Gf2JNrDXAAAUMt7?format=jpg&amp;name=large\" alt=\"Imagen\" width=\"503\" height=\"332\" \/><\/div>\n<div dir=\"auto\" lang=\"es\" data-testid=\"tweetText\"><\/div>\n<div dir=\"auto\" lang=\"es\" data-testid=\"tweetText\"><\/div>\n<div dir=\"auto\" lang=\"es\" data-testid=\"tweetText\">Fuente: evafm.net &#8211; studiofutbol.com.ec<\/div>\n<div class=\"gsp_post_data\" \r\n\t            data-post_type=\"post\" \r\n\t            data-cat=\"deportes-ecuador\" \r\n\t            data-modified=\"120\"\r\n\t            data-created=\"1735334886\"\r\n\t            data-title=\"Barcelona SC oficializo a Gustavo Vallecilla\" \r\n\t            data-home=\"https:\/\/www.evafm.net\/sitio\"><\/div>","protected":false},"excerpt":{"rendered":"<p>Este viernes, Barcelona S. C anunci\u00f3 a su primer refuerzo para la temporada 2025, se trata de Gustavo Vallecilla. &nbsp; El central que ya estuvo en el cuadro torero la temporada 2020 donde se proclam\u00f3 campe\u00f3n, llega procedente de Universidad Cat\u00f3lica donde disput\u00f3 un total de 40 partidos (entre LigaPro y Copa Sudamericana) y marc\u00f3&#8230;<\/p>\n","protected":false},"author":5,"featured_media":84587,"comment_status":"closed","ping_status":"open","sticky":false,"template":"","format":"standard","meta":{"_joinchat":[],"footnotes":""},"categories":[1557],"tags":[],"class_list":["post-84586","post","type-post","status-publish","format-standard","has-post-thumbnail","hentry","category-deportes-ecuador","have-post-thumb"],"_links":{"self":[{"href":"https:\/\/www.evafm.net\/sitio\/wp-json\/wp\/v2\/posts\/84586","targetHints":{"allow":["GET"]}}],"collection":[{"href":"https:\/\/www.evafm.net\/sitio\/wp-json\/wp\/v2\/posts"}],"about":[{"href":"https:\/\/www.evafm.net\/sitio\/wp-json\/wp\/v2\/types\/post"}],"author":[{"embeddable":true,"href":"https:\/\/www.evafm.net\/sitio\/wp-json\/wp\/v2\/users\/5"}],"replies":[{"embeddable":true,"href":"https:\/\/www.evafm.net\/sitio\/wp-json\/wp\/v2\/comments?post=84586"}],"version-history":[{"count":2,"href":"https:\/\/www.evafm.net\/sitio\/wp-json\/wp\/v2\/posts\/84586\/revisions"}],"predecessor-version":[{"id":84589,"href":"https:\/\/www.evafm.net\/sitio\/wp-json\/wp\/v2\/posts\/84586\/revisions\/84589"}],"wp:featuredmedia":[{"embeddable":true,"href":"https:\/\/www.evafm.net\/sitio\/wp-json\/wp\/v2\/media\/84587"}],"wp:attachment":[{"href":"https:\/\/www.evafm.net\/sitio\/wp-json\/wp\/v2\/media?parent=84586"}],"wp:term":[{"taxonomy":"category","embeddable":true,"href":"https:\/\/www.evafm.net\/sitio\/wp-json\/wp\/v2\/categories?post=84586"},{"taxonomy":"post_tag","embeddable":true,"href":"https:\/\/www.evafm.net\/sitio\/wp-json\/wp\/v2\/tags?post=84586"}],"curies":[{"name":"wp","href":"https:\/\/api.w.org\/{rel}","templated":true}]}}