{"id":84599,"date":"2024-12-28T00:18:12","date_gmt":"2024-12-28T05:18:12","guid":{"rendered":"https:\/\/www.evafm.net\/sitio\/?p=84599"},"modified":"2024-12-28T00:18:34","modified_gmt":"2024-12-28T05:18:34","slug":"libertad-anuncia-la-renovaciones-2025","status":"publish","type":"post","link":"https:\/\/www.evafm.net\/sitio\/libertad-anuncia-la-renovaciones-2025\/","title":{"rendered":"Libertad anuncia la renovaci\u00f3nes 2025"},"content":{"rendered":"<p><strong>Libertad F.C<\/strong> retiene a una de sus figuras para la <strong>temporada 2025 <\/strong>se trata de <strong>Diego \u00c1vila\u00a0<\/strong>delantero ecuatoriano<\/p>\n<p>jug\u00f3 en 2024 un total de <strong>23 partidos<\/strong> donde anot\u00f3 <strong>5 goles<\/strong> y aport\u00f3 con<strong> 3 asistencias. (D)<\/strong><\/p>\n<p>&nbsp;<\/p>\n<blockquote class=\"twitter-tweet\" data-width=\"550\" data-dnt=\"true\">\n<p lang=\"es\" dir=\"ltr\">EL GOLEADOR SE QUEDA EN LOJA \ud83e\udde1\ud83d\udd25<a href=\"https:\/\/twitter.com\/hashtag\/DiegoAvila?src=hash&amp;ref_src=twsrc%5Etfw\">#DiegoAvila<\/a> seguir\u00e1 rompiendo redes con El Equipo de Todos Los Lojanos \ud83d\udfe0\ud83d\udcaa<\/p>\n<p>\u00a1Con todo, Diego! \u26bd\ud83d\udd25<a href=\"https:\/\/twitter.com\/hashtag\/LibertadFC?src=hash&amp;ref_src=twsrc%5Etfw\">#LibertadFC<\/a> <a href=\"https:\/\/twitter.com\/hashtag\/LibertadEsLoja?src=hash&amp;ref_src=twsrc%5Etfw\">#LibertadEsLoja<\/a> <a href=\"https:\/\/t.co\/No9eW1cWLr\">pic.twitter.com\/No9eW1cWLr<\/a><\/p>\n<p>&mdash; Libertad F\u00fatbol Club (@LibertadFC3) <a href=\"https:\/\/twitter.com\/LibertadFC3\/status\/1872791777121632333?ref_src=twsrc%5Etfw\">December 27, 2024<\/a><\/p><\/blockquote>\n<p><script async src=\"https:\/\/platform.twitter.com\/widgets.js\" charset=\"utf-8\"><\/script><\/p>\n<p>&nbsp;<\/p>\n<p>Tambi\u00e9n se renov\u00f3 para la <strong>temporada 2025<\/strong> a <strong>Ivan Frangoy Zambrano\u00a0<\/strong><\/p>\n<p>&nbsp;<\/p>\n<p>&nbsp;<\/p>\n<blockquote class=\"twitter-tweet\" data-width=\"550\" data-dnt=\"true\">\n<p lang=\"es\" dir=\"ltr\">\u00a1Fran Se Queda En Casa! \ud83c\udfdf\ufe0f\ud83d\udfe0<\/p>\n<p>Estamos felices de anunciar que <a href=\"https:\/\/twitter.com\/hashtag\/FrangoyZambrano?src=hash&amp;ref_src=twsrc%5Etfw\">#FrangoyZambrano<\/a> continuar\u00e1 defendiendo al Equipo de Todos los Lojanos en la Temporada 2025. \ud83d\udcaa \u00a1A por todo, Fran! \ud83d\udd25\ud83e\udde1<a href=\"https:\/\/twitter.com\/hashtag\/LibertadFC?src=hash&amp;ref_src=twsrc%5Etfw\">#LibertadFC<\/a> <a href=\"https:\/\/twitter.com\/hashtag\/LibertadEsLoja?src=hash&amp;ref_src=twsrc%5Etfw\">#LibertadEsLoja<\/a> <a href=\"https:\/\/t.co\/4jfECYyCPn\">pic.twitter.com\/4jfECYyCPn<\/a><\/p>\n<p>&mdash; Libertad F\u00fatbol Club (@LibertadFC3) <a href=\"https:\/\/twitter.com\/LibertadFC3\/status\/1872432270424092942?ref_src=twsrc%5Etfw\">December 27, 2024<\/a><\/p><\/blockquote>\n<p><script async src=\"https:\/\/platform.twitter.com\/widgets.js\" charset=\"utf-8\"><\/script><\/p>\n<p>&nbsp;<\/p>\n<p>Fuente: evafm.net &#8211; studiofutbol.com.ec<\/p>\n<div class=\"gsp_post_data\" \r\n\t            data-post_type=\"post\" \r\n\t            data-cat=\"deportes-ecuador\" \r\n\t            data-modified=\"120\"\r\n\t            data-created=\"1735345092\"\r\n\t            data-title=\"Libertad anuncia la renovaci\u00f3nes 2025\" \r\n\t            data-home=\"https:\/\/www.evafm.net\/sitio\"><\/div>","protected":false},"excerpt":{"rendered":"<p>Libertad F.C retiene a una de sus figuras para la temporada 2025 se trata de Diego \u00c1vila\u00a0delantero ecuatoriano jug\u00f3 en 2024 un total de 23 partidos donde anot\u00f3 5 goles y aport\u00f3 con 3 asistencias. (D) &nbsp; EL GOLEADOR SE QUEDA EN LOJA \ud83e\udde1\ud83d\udd25#DiegoAvila seguir\u00e1 rompiendo redes con El Equipo de Todos Los Lojanos \ud83d\udfe0\ud83d\udcaa&#8230;<\/p>\n","protected":false},"author":5,"featured_media":84602,"comment_status":"closed","ping_status":"open","sticky":false,"template":"","format":"standard","meta":{"_joinchat":[],"footnotes":""},"categories":[1557],"tags":[],"class_list":["post-84599","post","type-post","status-publish","format-standard","has-post-thumbnail","hentry","category-deportes-ecuador","have-post-thumb"],"_links":{"self":[{"href":"https:\/\/www.evafm.net\/sitio\/wp-json\/wp\/v2\/posts\/84599","targetHints":{"allow":["GET"]}}],"collection":[{"href":"https:\/\/www.evafm.net\/sitio\/wp-json\/wp\/v2\/posts"}],"about":[{"href":"https:\/\/www.evafm.net\/sitio\/wp-json\/wp\/v2\/types\/post"}],"author":[{"embeddable":true,"href":"https:\/\/www.evafm.net\/sitio\/wp-json\/wp\/v2\/users\/5"}],"replies":[{"embeddable":true,"href":"https:\/\/www.evafm.net\/sitio\/wp-json\/wp\/v2\/comments?post=84599"}],"version-history":[{"count":2,"href":"https:\/\/www.evafm.net\/sitio\/wp-json\/wp\/v2\/posts\/84599\/revisions"}],"predecessor-version":[{"id":84604,"href":"https:\/\/www.evafm.net\/sitio\/wp-json\/wp\/v2\/posts\/84599\/revisions\/84604"}],"wp:featuredmedia":[{"embeddable":true,"href":"https:\/\/www.evafm.net\/sitio\/wp-json\/wp\/v2\/media\/84602"}],"wp:attachment":[{"href":"https:\/\/www.evafm.net\/sitio\/wp-json\/wp\/v2\/media?parent=84599"}],"wp:term":[{"taxonomy":"category","embeddable":true,"href":"https:\/\/www.evafm.net\/sitio\/wp-json\/wp\/v2\/categories?post=84599"},{"taxonomy":"post_tag","embeddable":true,"href":"https:\/\/www.evafm.net\/sitio\/wp-json\/wp\/v2\/tags?post=84599"}],"curies":[{"name":"wp","href":"https:\/\/api.w.org\/{rel}","templated":true}]}}