{"id":84970,"date":"2025-01-09T19:39:26","date_gmt":"2025-01-10T00:39:26","guid":{"rendered":"https:\/\/www.evafm.net\/sitio\/?p=84970"},"modified":"2025-01-09T19:39:26","modified_gmt":"2025-01-10T00:39:26","slug":"isaac-alvarez-anuncio-que-alianza-lima-estara-en-la-noche-blanca","status":"publish","type":"post","link":"https:\/\/www.evafm.net\/sitio\/isaac-alvarez-anuncio-que-alianza-lima-estara-en-la-noche-blanca\/","title":{"rendered":"Isaac \u00c1lvarez anuncio que Alianza Lima estar\u00e1 en la Noche blanca"},"content":{"rendered":"<p>Isaac \u00c1lvarez, presidente de Liga Deportiva Universitaria (LDU), comparti\u00f3 detalles importantes en el programa \u00ab\u00c1rea 88\u00bb de Radio Activa<\/p>\n<p>sobre los planes del club para la Noche Blanca, los abonos de los hinchas y el estado actual del f\u00fatbol ecuatoriano.<\/p>\n<p>&nbsp;<\/p>\n<p>\u00c1lvarez revel\u00f3 que la primera opci\u00f3n para el partido de la Noche Blanca es Alianza Lima, y expres\u00f3 su deseo personal<\/p>\n<p>de que el equipo peruano sea el invitado especial.<\/p>\n<p>&nbsp;<\/p>\n<p>\u00abQuiero que sean ellos para que Hern\u00e1n Barcos y Paolo Guerrero vuelvan a casa\u00bb, indic\u00f3 \u00c1lvarez, destacando que<\/p>\n<p>actualmente manejan tres opciones para este evento tradicional del club.<\/p>\n<p>&nbsp;<\/p>\n<p>El presidente de LDU tambi\u00e9n habl\u00f3 sobre las expectativas de aumento en el n\u00famero de abonados para esta temporada.<\/p>\n<p>\u00abEspero que los hinchas de Liga hayan guardado para abonarse este a\u00f1o.<\/p>\n<p>El anterior fueron 6.500 y esperamos llegar a 10.000, pero nuestro objetivo es alcanzar 20.000 abonados\u00bb, coment\u00f3<\/p>\n<p>enfatizando la importancia del apoyo de los aficionados.<\/p>\n<p>&nbsp;<\/p>\n<p>\u00c1lvarez abord\u00f3 la situaci\u00f3n de los derechos de televisi\u00f3n en el f\u00fatbol ecuatoriano, se\u00f1alando la disminuci\u00f3n del apoyo<\/p>\n<p>estatal en los \u00faltimos gobiernos.<\/p>\n<p>\u00abEl f\u00fatbol ecuatoriano tuvo un apoyo estatal muy grande en los derechos de TV, pero en los \u00faltimos dos gobiernos no<\/p>\n<p>y CNT qued\u00f3 fuera del negocio.<\/p>\n<p>Hoy no hay muchos suscriptores, el \u00faltimo informe de LigaPro habla de 200.000\u00bb, explic\u00f3, destacando los retos actuales<\/p>\n<p>en este \u00e1mbito.<\/p>\n<div class=\"google-auto-placed ap_container\"><ins class=\"adsbygoogle adsbygoogle-noablate\" data-ad-format=\"auto\" data-ad-client=\"ca-pub-2643299515398477\" data-adsbygoogle-status=\"done\" data-ad-status=\"unfilled\"><\/p>\n<div id=\"aswift_2_host\"><\/div>\n<p><\/ins><\/div>\n<p>Finalmente, \u00c1lvarez se refiri\u00f3 a la situaci\u00f3n de Alex Arce, asegurando que el delantero es jugador del club y que, a menos<\/p>\n<p>que llegue una oferta concreta, continuar\u00e1 en LDU.<\/p>\n<p>\u00abEl mercado reci\u00e9n se ha abierto y no tenemos ninguna desesperaci\u00f3n.<\/p>\n<p>Alex Arce es jugador del club y si no llega una oferta concreta por \u00e9l, seguir\u00e1 con nosotros\u00bb, concluy\u00f3. <strong>(D)<\/strong><\/p>\n<p>&nbsp;<\/p>\n<p>&nbsp;<\/p>\n<p>Fuente: evafm.net &#8211; studiofutbol.com.ec<\/p>\n<p>&nbsp;<\/p>\n<p>&nbsp;<\/p>\n<p>&nbsp;<\/p>\n<p>&nbsp;<\/p>\n<div class=\"gsp_post_data\" \r\n\t            data-post_type=\"post\" \r\n\t            data-cat=\"deportes-ecuador\" \r\n\t            data-modified=\"120\"\r\n\t            data-created=\"1736451566\"\r\n\t            data-title=\"Isaac \u00c1lvarez anuncio que Alianza Lima estar\u00e1 en la Noche blanca\" \r\n\t            data-home=\"https:\/\/www.evafm.net\/sitio\"><\/div>","protected":false},"excerpt":{"rendered":"<p>Isaac \u00c1lvarez, presidente de Liga Deportiva Universitaria (LDU), comparti\u00f3 detalles importantes en el programa \u00ab\u00c1rea 88\u00bb de Radio Activa sobre los planes del club para la Noche Blanca, los abonos de los hinchas y el estado actual del f\u00fatbol ecuatoriano. &nbsp; \u00c1lvarez revel\u00f3 que la primera opci\u00f3n para el partido de la Noche Blanca es&#8230;<\/p>\n","protected":false},"author":5,"featured_media":84971,"comment_status":"closed","ping_status":"open","sticky":false,"template":"","format":"standard","meta":{"_joinchat":[],"footnotes":""},"categories":[1557],"tags":[],"class_list":["post-84970","post","type-post","status-publish","format-standard","has-post-thumbnail","hentry","category-deportes-ecuador","have-post-thumb"],"_links":{"self":[{"href":"https:\/\/www.evafm.net\/sitio\/wp-json\/wp\/v2\/posts\/84970","targetHints":{"allow":["GET"]}}],"collection":[{"href":"https:\/\/www.evafm.net\/sitio\/wp-json\/wp\/v2\/posts"}],"about":[{"href":"https:\/\/www.evafm.net\/sitio\/wp-json\/wp\/v2\/types\/post"}],"author":[{"embeddable":true,"href":"https:\/\/www.evafm.net\/sitio\/wp-json\/wp\/v2\/users\/5"}],"replies":[{"embeddable":true,"href":"https:\/\/www.evafm.net\/sitio\/wp-json\/wp\/v2\/comments?post=84970"}],"version-history":[{"count":1,"href":"https:\/\/www.evafm.net\/sitio\/wp-json\/wp\/v2\/posts\/84970\/revisions"}],"predecessor-version":[{"id":84972,"href":"https:\/\/www.evafm.net\/sitio\/wp-json\/wp\/v2\/posts\/84970\/revisions\/84972"}],"wp:featuredmedia":[{"embeddable":true,"href":"https:\/\/www.evafm.net\/sitio\/wp-json\/wp\/v2\/media\/84971"}],"wp:attachment":[{"href":"https:\/\/www.evafm.net\/sitio\/wp-json\/wp\/v2\/media?parent=84970"}],"wp:term":[{"taxonomy":"category","embeddable":true,"href":"https:\/\/www.evafm.net\/sitio\/wp-json\/wp\/v2\/categories?post=84970"},{"taxonomy":"post_tag","embeddable":true,"href":"https:\/\/www.evafm.net\/sitio\/wp-json\/wp\/v2\/tags?post=84970"}],"curies":[{"name":"wp","href":"https:\/\/api.w.org\/{rel}","templated":true}]}}