{"id":84978,"date":"2025-01-10T08:45:34","date_gmt":"2025-01-10T13:45:34","guid":{"rendered":"https:\/\/www.evafm.net\/sitio\/?p=84978"},"modified":"2025-01-10T08:46:12","modified_gmt":"2025-01-10T13:46:12","slug":"se-cumplio-25-anos-de-la-dolarizacion-en-el-ecuador","status":"publish","type":"post","link":"https:\/\/www.evafm.net\/sitio\/se-cumplio-25-anos-de-la-dolarizacion-en-el-ecuador\/","title":{"rendered":"Se cumpli\u00f3 25 a\u00f1os de la dolarizaci\u00f3n en el Ecuador"},"content":{"rendered":"<p>Era la noche del 9 de enero del a\u00f1o 2000 cuando el entonces presidente\u00a0<b>Jamil Mahuad<\/b>\u00a0anunci\u00f3, en cadena nacional, que\u00a0<b>Ecuador<\/b><\/p>\n<p>adoptaba el d\u00f3lar como moneda oficial por la\u00a0<b>grave crisis econ\u00f3mica<\/b>\u00a0y la ca\u00edda del sucre, que hab\u00eda perdido el 20% de su valor<\/p>\n<p>en una semana.<\/p>\n<p>Eran\u00a0<b>momentos de desesperaci\u00f3n<\/b>\u00a0entre la gente porque, solo en un a\u00f1o, el valor del d\u00f3lar ascendi\u00f3 de <strong>7 000 a 29 000 sucres<\/strong>.<\/p>\n<p>&nbsp;<\/p>\n<p>El<b>\u00a0costo de la vida<\/b>\u00a0se encareci\u00f3 y la situaci\u00f3n se volvi\u00f3 insostenible.<\/p>\n<p>Finalmente, se fij\u00f3 al\u00a0<b>d\u00f3lar en 25 000 sucres<\/b> para el cambio de monedas y esto impact\u00f3 en la cotidianidad de los ecuatorianos<\/p>\n<p>cuyos efectos se sienten hasta hoy, pese a que al principio hubo detractores.<\/p>\n<p>&nbsp;<\/p>\n<p><b>\u00c1ngel Polibio C\u00f3rdova<\/b>, director de la firma encuestadora <strong>Cedatos<\/strong>, recuerda que a los pocos meses de que entrara en vigencia<\/p>\n<p>la dolarizaci\u00f3n, apenas un 22 % de la poblaci\u00f3n confiaba y ahora, al terminar el a\u00f1o 2024, m\u00e1s del <strong>90 % la respalda.<\/strong><\/p>\n<p>&nbsp;<\/p>\n<p>Para C\u00f3rdova, el cambio de moneda solo trajo\u00a0<b>estabilidad econ\u00f3mica<\/b>\u00a0y mejor\u00f3 de forma significativa la\u00a0<b>calidad de vida<\/b>.<\/p>\n<p>Con este criterio coinciden economistas, catedr\u00e1ticos y dirigentes de diferentes gremios que fueron entrevistados por Ecuavisa.com.<\/p>\n<p>&nbsp;<\/p>\n<p><b>Larry Yumibanda<\/b>, presidente del<b>\u00a0C\u00edrculo de Economistas de Guayaquil<\/b>, asegura que uno de los principales beneficios<\/p>\n<p>es que se fren\u00f3 con una\u00a0<b>galopante inflaci\u00f3n<\/b>\u00a0que afectaba a la econom\u00eda nacional.<\/p>\n<p>En el a\u00f1o 2000 se encontraba en el 91% y pas\u00f3 a 9,32% solo dos a\u00f1os despu\u00e9s.<\/p>\n<p>Ahora se encuentra en un 2%.<\/p>\n<p><strong>\u00abEstabiliz\u00f3 los precios y cuando eso sucede el consumo no se afecta por esta variable\u00bb.<\/strong><\/p>\n<p>&nbsp;<\/p>\n<p>Asimismo, las familias comenzaron a planificar su futuro en cuanto a inversiones o solicitar pr\u00e9stamos, lo cual era muy dif\u00edcil<\/p>\n<p>a finales de los <b>a\u00f1os 90<\/b>\u00a0por la inestabilidad.<\/p>\n<p>&nbsp;<\/p>\n<p>Hubo mayor acceso a cr\u00e9ditos y la gente ya pod\u00eda endeudarse para comprar una propiedad.<\/p>\n<p>Lo mismo en consumo e inversi\u00f3n. Sin embargo, pese a los avances, Yumibanda afirma que hay un tema pendiente que son<\/p>\n<p>los\u00a0<b>15 a\u00f1os con d\u00e9ficit fiscal<\/b>\u00a0en Ecuador.<\/p>\n<p>Si bien hay tranquilidad en el sector privado, en el campo de lo p\u00fablico no se han cumplido ciertas condiciones para tener<\/p>\n<p>una dolarizaci\u00f3n estable en el largo plazo.<\/p>\n<p>&nbsp;<\/p>\n<p>Si no se controlan las finanzas p\u00fablicas y aumenta la deuda, llegar\u00e1 un momento que ser\u00e1 imposible financiar el<\/p>\n<p><b>gasto con los d\u00f3lares<\/b>\u00a0que tiene la caja fiscal y autom\u00e1ticamente se tendr\u00e1 que ver una moneda alternativa y eso implica<\/p>\n<p>un\u00a0<b>proceso de desdolarizaci\u00f3n<\/b>.<\/p>\n<p>&nbsp;<\/p>\n<p>Destaca que las\u00a0<b>remesas de los migrantes<\/b>\u00a0han sido uno de los pilares para mantener la dolarizaci\u00f3n y en eso coincide<\/p>\n<p>C\u00f3rdova, quien ha realizado amplios estudios sobre el tema con Cedatos.<\/p>\n<p>Afirma que estas llegaron a USD 2 453 millones en 2005 y se espera que hayan superado los USD 6 000 millones hasta<\/p>\n<p>el a\u00f1o pasado.<\/p>\n<p>Eso implica que, con la entrada de ese dinero, la gente tenga mejores opciones para acceder a\u00a0<b>servicios de salud<\/b>.<\/p>\n<p>Por eso, la\u00a0<b>esperanza vida<\/b>\u00a0pas\u00f3 de 59 a\u00f1os, en 1975, a 79 a\u00f1os en la actualidad.<\/p>\n<p>&nbsp;<\/p>\n<p>La calidad de vida mejor\u00f3 al punto de que se ha dado un mayor ingreso a universidades.<\/p>\n<p>En el a\u00f1o 2000, 15 000 hombres m\u00e9dicos y 7 000 mujeres de la misma profesi\u00f3n.<\/p>\n<p>Ahora son 26 mil hombres y 21 000 mujeres.<\/p>\n<p>\u00abLa dolarizaci\u00f3n ha dado garant\u00edas a las universidades para que puedan avanzar y crecer porque se gu\u00edan de la estabilidad\u00bb.<\/p>\n<p>&nbsp;<\/p>\n<p>Esos avances tambi\u00e9n se plasman en el\u00a0<b>Salario B\u00e1sico Unificado (SBU)<\/b>\u00a0que pas\u00f3 de USD 40 en 2000 y ahora es de 470 d\u00f3lares.<\/p>\n<p>&nbsp;<\/p>\n<p><strong>Impacto en la comercializaci\u00f3n de veh\u00edculos:<\/strong><\/p>\n<p><b>Genaro Balde\u00f3n<\/b>\u00a0es presidente de la\u00a0<b>Asociaci\u00f3n de Empresas Automotrices del Ecuador (AEADE)<\/b>.<\/p>\n<p>Explica que la dolarizaci\u00f3n influy\u00f3 de forma positiva para que se incremente la venta de carros.<\/p>\n<p>En 1995, por ejemplo, se comercializaba un promedio que variaba entre 50 000 y 52 000 unidades al a\u00f1o.<\/p>\n<p>A partir del 2000, con la estabilizaci\u00f3n econ\u00f3mica, se pas\u00f3 a 65 000; es decir, un aumento del 25%.<\/p>\n<p>&nbsp;<\/p>\n<p>Desde 2010 en adelante, la comercializaci\u00f3n de autom\u00f3viles siempre sobrepas\u00f3 las 100 mil.<\/p>\n<p>Solo el a\u00f1o pasado se vendieron 108 266, a escala nacional (ver documento).<\/p>\n<p>\u00abEsto evidencia la<b>\u00a0recuperaci\u00f3n del sector automotor<\/b>\u00a0y nos indica lo que ha pasado con la econom\u00eda de los hogares que han<\/p>\n<p>tenido mayores oportunidades de acceder a bienes que normalmente tienen un costo considerable\u00bb.<\/p>\n<p>&nbsp;<\/p>\n<div class=\"paragraph\">\n<p>\u00abLa calidad de vida mejor\u00f3 totalmente.<\/p>\n<p>El acceso a un veh\u00edculo es parte de los\u00a0<b>indicadores de desarrollo<\/b>\u00a0de un pa\u00eds\u00bb, acot\u00f3 el dirigente.<\/p>\n<p>Antes de tener al d\u00f3lar como moneda oficial, era mucho m\u00e1s dif\u00edcil para la gente adquirir un auto.<\/p>\n<p>El tipo de cambio ejerc\u00eda mucha influencia en el\u00a0<b>precio de los veh\u00edculos<\/b>.<\/p>\n<p>Un d\u00eda, un veh\u00edculo pod\u00eda costar un monto y variar al siguiente por las\u00a0<b>fluctuaciones<\/b>.<\/p>\n<p>&nbsp;<\/p>\n<p>Seg\u00fan la informaci\u00f3n de Cedatos, el parque automotor del Ecuador se increment\u00f3 de la siguiente forma:<\/p>\n<\/div>\n<ul>\n<li class=\"bullet\">2000: 560 mil.<\/li>\n<li class=\"bullet\">2010: 1,2 millones.<\/li>\n<li class=\"bullet\">2023: 2,9 millones.<\/li>\n<li class=\"bullet\">2024: 3,2 millones.<\/li>\n<\/ul>\n<p>&nbsp;<\/p>\n<p><strong>Sector inmobiliario:<\/strong><\/p>\n<p>El desarrollador inmobiliario\u00a0<b>Daniel Elmir<\/b>\u00a0cont\u00f3 a Ecuavisa.com que ahora hay mayores facilidades en la<\/p>\n<p><b>adquisici\u00f3n de viviendas<\/b>.<\/p>\n<p>A su juicio, la dolarizaci\u00f3n dio certezas para trabajar porque, cuando hab\u00eda sucres, hab\u00eda bastante inflaci\u00f3n<\/p>\n<p>de un d\u00eda para otro, lo cual no les permit\u00eda\u00a0<b>planificar los proyectos<\/b>.<\/p>\n<p>\u00abUna moneda fuerte nos permiti\u00f3 estar mucho m\u00e1s tranquilos\u00bb.<\/p>\n<p>&nbsp;<\/p>\n<p>Afirma que los\u00a0<b>precios de las casas<\/b>\u00a0han variado. Por ejemplo, una vivienda est\u00e1ndar, hace 25 a\u00f1os, costaba<\/p>\n<p>entre USD 60 y 80 mil y ahora est\u00e1 entre USD 80 y 109 mil.<\/p>\n<p>\u00abSubi\u00f3, pero no por culpa del d\u00f3lar, sino por el mal manejo econ\u00f3mico del pa\u00eds porque se ha generado inflaci\u00f3n\u00bb. <strong>(E)<\/strong><\/p>\n<p>&nbsp;<\/p>\n<p>Fuente: evafm.net &#8211; ecuavisa.com<\/p>\n<p>&nbsp;<\/p>\n<div class=\"gsp_post_data\" \r\n\t            data-post_type=\"post\" \r\n\t            data-cat=\"general,noticias-ecuador\" \r\n\t            data-modified=\"120\"\r\n\t            data-created=\"1736498734\"\r\n\t            data-title=\"Se cumpli\u00f3 25 a\u00f1os de la dolarizaci\u00f3n en el Ecuador\" \r\n\t            data-home=\"https:\/\/www.evafm.net\/sitio\"><\/div>","protected":false},"excerpt":{"rendered":"<p>Era la noche del 9 de enero del a\u00f1o 2000 cuando el entonces presidente\u00a0Jamil Mahuad\u00a0anunci\u00f3, en cadena nacional, que\u00a0Ecuador adoptaba el d\u00f3lar como moneda oficial por la\u00a0grave crisis econ\u00f3mica\u00a0y la ca\u00edda del sucre, que hab\u00eda perdido el 20% de su valor en una semana. Eran\u00a0momentos de desesperaci\u00f3n\u00a0entre la gente porque, solo en un a\u00f1o, el&#8230;<\/p>\n","protected":false},"author":5,"featured_media":84979,"comment_status":"closed","ping_status":"open","sticky":false,"template":"","format":"standard","meta":{"_joinchat":[],"footnotes":""},"categories":[1720,1558],"tags":[],"class_list":["post-84978","post","type-post","status-publish","format-standard","has-post-thumbnail","hentry","category-general","category-noticias-ecuador","have-post-thumb"],"_links":{"self":[{"href":"https:\/\/www.evafm.net\/sitio\/wp-json\/wp\/v2\/posts\/84978","targetHints":{"allow":["GET"]}}],"collection":[{"href":"https:\/\/www.evafm.net\/sitio\/wp-json\/wp\/v2\/posts"}],"about":[{"href":"https:\/\/www.evafm.net\/sitio\/wp-json\/wp\/v2\/types\/post"}],"author":[{"embeddable":true,"href":"https:\/\/www.evafm.net\/sitio\/wp-json\/wp\/v2\/users\/5"}],"replies":[{"embeddable":true,"href":"https:\/\/www.evafm.net\/sitio\/wp-json\/wp\/v2\/comments?post=84978"}],"version-history":[{"count":1,"href":"https:\/\/www.evafm.net\/sitio\/wp-json\/wp\/v2\/posts\/84978\/revisions"}],"predecessor-version":[{"id":84980,"href":"https:\/\/www.evafm.net\/sitio\/wp-json\/wp\/v2\/posts\/84978\/revisions\/84980"}],"wp:featuredmedia":[{"embeddable":true,"href":"https:\/\/www.evafm.net\/sitio\/wp-json\/wp\/v2\/media\/84979"}],"wp:attachment":[{"href":"https:\/\/www.evafm.net\/sitio\/wp-json\/wp\/v2\/media?parent=84978"}],"wp:term":[{"taxonomy":"category","embeddable":true,"href":"https:\/\/www.evafm.net\/sitio\/wp-json\/wp\/v2\/categories?post=84978"},{"taxonomy":"post_tag","embeddable":true,"href":"https:\/\/www.evafm.net\/sitio\/wp-json\/wp\/v2\/tags?post=84978"}],"curies":[{"name":"wp","href":"https:\/\/api.w.org\/{rel}","templated":true}]}}