{"id":85333,"date":"2025-01-14T13:01:33","date_gmt":"2025-01-14T18:01:33","guid":{"rendered":"https:\/\/www.evafm.net\/sitio\/?p=85333"},"modified":"2025-01-14T13:05:52","modified_gmt":"2025-01-14T18:05:52","slug":"u-catolica-realizo-opcion-de-compra-por-jose-fajardo","status":"publish","type":"post","link":"https:\/\/www.evafm.net\/sitio\/u-catolica-realizo-opcion-de-compra-por-jose-fajardo\/","title":{"rendered":"U. Cat\u00f3lica realizo opcion de compra por Jos\u00e9 Fajardo"},"content":{"rendered":"<p><strong>Universidad Cat\u00f3lica<\/strong> ha hecho uso de la opci\u00f3n de compra por el delantero paname\u00f1o Jos\u00e9 Fajardo, asegurando<\/p>\n<p>la permanencia del jugador en el club hasta diciembre de 2026.<\/p>\n<p>La informaci\u00f3n fue confirmada por el periodista<strong> C\u00e9sar Luis Merlo para StudioF\u00fatbol<\/strong>, destacando el impacto<\/p>\n<p>que Fajardo ha tenido desde su llegada al <strong>&#8216;Trencito Azul&#8217;.<\/strong><\/p>\n<p>&nbsp;<\/p>\n<p>Jos\u00e9 Fajardo ha sido fundamental en el esquema ofensivo de Universidad Cat\u00f3lica, destac\u00e1ndose por su capacidad<\/p>\n<p>goleadora.<\/p>\n<p>Desde su incorporaci\u00f3n, ha disputado 42 partidos en los que ha anotado 19 goles, convirti\u00e9ndose en uno de los<\/p>\n<p>principales referentes del equipo.<\/p>\n<p>Su rendimiento ha sido clave para el club.<\/p>\n<p>El acuerdo firmado hasta 2026 no solo refuerza la confianza de Universidad Cat\u00f3lica en el talento y potencial del<\/p>\n<p>paname\u00f1o, sino que tambi\u00e9n demuestra el compromiso del jugador con el equipo y su proyecto a largo plazo.<strong> (D)<\/strong><\/p>\n<p>&nbsp;<\/p>\n<p>Fuente: evafm.net &#8211; studiofutbol.com.ec<\/p>\n<div class=\"gsp_post_data\" \r\n\t            data-post_type=\"post\" \r\n\t            data-cat=\"deportes-ecuador\" \r\n\t            data-modified=\"120\"\r\n\t            data-created=\"1736859693\"\r\n\t            data-title=\"U. Cat\u00f3lica realizo opcion de compra por Jos\u00e9 Fajardo\" \r\n\t            data-home=\"https:\/\/www.evafm.net\/sitio\"><\/div>","protected":false},"excerpt":{"rendered":"<p>Universidad Cat\u00f3lica ha hecho uso de la opci\u00f3n de compra por el delantero paname\u00f1o Jos\u00e9 Fajardo, asegurando la permanencia del jugador en el club hasta diciembre de 2026. La informaci\u00f3n fue confirmada por el periodista C\u00e9sar Luis Merlo para StudioF\u00fatbol, destacando el impacto que Fajardo ha tenido desde su llegada al &#8216;Trencito Azul&#8217;. &nbsp; Jos\u00e9&#8230;<\/p>\n","protected":false},"author":5,"featured_media":85339,"comment_status":"closed","ping_status":"open","sticky":false,"template":"","format":"standard","meta":{"_joinchat":[],"footnotes":""},"categories":[1557],"tags":[],"class_list":["post-85333","post","type-post","status-publish","format-standard","has-post-thumbnail","hentry","category-deportes-ecuador","have-post-thumb"],"_links":{"self":[{"href":"https:\/\/www.evafm.net\/sitio\/wp-json\/wp\/v2\/posts\/85333","targetHints":{"allow":["GET"]}}],"collection":[{"href":"https:\/\/www.evafm.net\/sitio\/wp-json\/wp\/v2\/posts"}],"about":[{"href":"https:\/\/www.evafm.net\/sitio\/wp-json\/wp\/v2\/types\/post"}],"author":[{"embeddable":true,"href":"https:\/\/www.evafm.net\/sitio\/wp-json\/wp\/v2\/users\/5"}],"replies":[{"embeddable":true,"href":"https:\/\/www.evafm.net\/sitio\/wp-json\/wp\/v2\/comments?post=85333"}],"version-history":[{"count":1,"href":"https:\/\/www.evafm.net\/sitio\/wp-json\/wp\/v2\/posts\/85333\/revisions"}],"predecessor-version":[{"id":85340,"href":"https:\/\/www.evafm.net\/sitio\/wp-json\/wp\/v2\/posts\/85333\/revisions\/85340"}],"wp:featuredmedia":[{"embeddable":true,"href":"https:\/\/www.evafm.net\/sitio\/wp-json\/wp\/v2\/media\/85339"}],"wp:attachment":[{"href":"https:\/\/www.evafm.net\/sitio\/wp-json\/wp\/v2\/media?parent=85333"}],"wp:term":[{"taxonomy":"category","embeddable":true,"href":"https:\/\/www.evafm.net\/sitio\/wp-json\/wp\/v2\/categories?post=85333"},{"taxonomy":"post_tag","embeddable":true,"href":"https:\/\/www.evafm.net\/sitio\/wp-json\/wp\/v2\/tags?post=85333"}],"curies":[{"name":"wp","href":"https:\/\/api.w.org\/{rel}","templated":true}]}}