{"id":85341,"date":"2025-01-14T13:21:37","date_gmt":"2025-01-14T18:21:37","guid":{"rendered":"https:\/\/www.evafm.net\/sitio\/?p=85341"},"modified":"2025-01-14T13:21:37","modified_gmt":"2025-01-14T18:21:37","slug":"liga-de-quito-y-la-situacion-de-alex-arce","status":"publish","type":"post","link":"https:\/\/www.evafm.net\/sitio\/liga-de-quito-y-la-situacion-de-alex-arce\/","title":{"rendered":"Liga de Quito y la situacion de Alex Arce"},"content":{"rendered":"<p>Eduardo \u00c1lvarez, directivo de Liga Deportiva Universitaria de Quito, atendi\u00f3 a los colegas de MUNDO DEPORTIVO EC<\/p>\n<p>en el programa LAS VOCES DEL F\u00daTBOL acerca de las consultas que hay desde el exterior por el goleador \u00c1lex Arce.<\/p>\n<p>&nbsp;<\/p>\n<p>\u00abCon \u00c1lex no ha llegado ninguna oferta formal.<\/p>\n<p>Bastantes llamadas de agentes e intermediarios, pero no hay ninguna propuesta en firme.<\/p>\n<p>No estamos desesperados, sabemos que el mercado no lo manejamos nosotros.<\/p>\n<p>Seguramente llegar\u00e1 alguna pronto y se analizar\u00e1.<\/p>\n<p>S\u00ed hay muchas preguntas por \u00e9l, sabemos lo que es\u00bb, indic\u00f3<\/p>\n<p>&nbsp;<\/p>\n<p>\u00abTenemos opciones en caso que se d\u00e9 una negociaci\u00f3n.<\/p>\n<p>Pero mientras m\u00e1s pase el tiempo, se nos acaban las chances.<\/p>\n<p>Hablando con Secretar\u00eda, quer\u00edamos esperar a esta semana para saber qu\u00e9 vamos a hacer.<\/p>\n<p>Queda un poco de tiempo para definir lo mejor\u00bb, puntualiz\u00f3. <strong>(D)<\/strong><\/p>\n<p>&nbsp;<\/p>\n<p>Fuente: evafm.net &#8211; studiofutbol.com.ec<\/p>\n<div class=\"gsp_post_data\" \r\n\t            data-post_type=\"post\" \r\n\t            data-cat=\"deportes-ecuador\" \r\n\t            data-modified=\"120\"\r\n\t            data-created=\"1736860897\"\r\n\t            data-title=\"Liga de Quito y la situacion de Alex Arce\" \r\n\t            data-home=\"https:\/\/www.evafm.net\/sitio\"><\/div>","protected":false},"excerpt":{"rendered":"<p>Eduardo \u00c1lvarez, directivo de Liga Deportiva Universitaria de Quito, atendi\u00f3 a los colegas de MUNDO DEPORTIVO EC en el programa LAS VOCES DEL F\u00daTBOL acerca de las consultas que hay desde el exterior por el goleador \u00c1lex Arce. &nbsp; \u00abCon \u00c1lex no ha llegado ninguna oferta formal. Bastantes llamadas de agentes e intermediarios, pero no&#8230;<\/p>\n","protected":false},"author":5,"featured_media":85342,"comment_status":"closed","ping_status":"open","sticky":false,"template":"","format":"standard","meta":{"_joinchat":[],"footnotes":""},"categories":[1557],"tags":[],"class_list":["post-85341","post","type-post","status-publish","format-standard","has-post-thumbnail","hentry","category-deportes-ecuador","have-post-thumb"],"_links":{"self":[{"href":"https:\/\/www.evafm.net\/sitio\/wp-json\/wp\/v2\/posts\/85341","targetHints":{"allow":["GET"]}}],"collection":[{"href":"https:\/\/www.evafm.net\/sitio\/wp-json\/wp\/v2\/posts"}],"about":[{"href":"https:\/\/www.evafm.net\/sitio\/wp-json\/wp\/v2\/types\/post"}],"author":[{"embeddable":true,"href":"https:\/\/www.evafm.net\/sitio\/wp-json\/wp\/v2\/users\/5"}],"replies":[{"embeddable":true,"href":"https:\/\/www.evafm.net\/sitio\/wp-json\/wp\/v2\/comments?post=85341"}],"version-history":[{"count":1,"href":"https:\/\/www.evafm.net\/sitio\/wp-json\/wp\/v2\/posts\/85341\/revisions"}],"predecessor-version":[{"id":85343,"href":"https:\/\/www.evafm.net\/sitio\/wp-json\/wp\/v2\/posts\/85341\/revisions\/85343"}],"wp:featuredmedia":[{"embeddable":true,"href":"https:\/\/www.evafm.net\/sitio\/wp-json\/wp\/v2\/media\/85342"}],"wp:attachment":[{"href":"https:\/\/www.evafm.net\/sitio\/wp-json\/wp\/v2\/media?parent=85341"}],"wp:term":[{"taxonomy":"category","embeddable":true,"href":"https:\/\/www.evafm.net\/sitio\/wp-json\/wp\/v2\/categories?post=85341"},{"taxonomy":"post_tag","embeddable":true,"href":"https:\/\/www.evafm.net\/sitio\/wp-json\/wp\/v2\/tags?post=85341"}],"curies":[{"name":"wp","href":"https:\/\/api.w.org\/{rel}","templated":true}]}}