{"id":85348,"date":"2025-01-14T20:33:09","date_gmt":"2025-01-15T01:33:09","guid":{"rendered":"https:\/\/www.evafm.net\/sitio\/?p=85348"},"modified":"2025-01-14T20:34:04","modified_gmt":"2025-01-15T01:34:04","slug":"la-supercopa-ecuador-se-jugara-en-el-gonzalo-pozo-ripalda","status":"publish","type":"post","link":"https:\/\/www.evafm.net\/sitio\/la-supercopa-ecuador-se-jugara-en-el-gonzalo-pozo-ripalda\/","title":{"rendered":"La Supercopa Ecuador se jugar\u00e1 en el Gonzalo Pozo Ripalda"},"content":{"rendered":"<p>La Federaci\u00f3n Ecuatoriana de F\u00fatbol<strong> (FEF)<\/strong> confirm\u00f3 este martes que el estadio <strong>Gonzalo Pozo Ripalda<\/strong> ser\u00e1 el escenario para la disputa<\/p>\n<p>de la <strong>Supercopa Ecuador 2025.<\/strong><\/p>\n<p>El emocionante enfrentamiento entre El Nacional y Liga de Quito definir\u00e1 al primer campe\u00f3n del a\u00f1o, el pr\u00f3ximo <strong>s\u00e1bado 1 de febrero <\/strong><\/p>\n<p>a partir de las<strong> 19:00.<\/strong><\/p>\n<p>&nbsp;<\/p>\n<p>\u00abLa Supercopa Ecuador ser\u00e1 en el estadio Gonzalo Pozo Ripalda\u00bb, anunci\u00f3 la FEF a trav\u00e9s de sus redes sociales, generando gran expectativa<\/p>\n<p>entre los aficionados.<\/p>\n<p>&nbsp;<\/p>\n<p>El duelo promete ser un espect\u00e1culo vibrante entre dos de los equipos m\u00e1s destacados del pa\u00eds.<\/p>\n<p>&nbsp;<\/p>\n<p>El Nacional, actual campe\u00f3n de la Copa Ecuador buscar\u00e1 iniciar el a\u00f1o con un nuevo t\u00edtulo, mientras que Liga de Quito, actual campe\u00f3n<\/p>\n<p>de la LigaPro, intentar\u00e1 demostrar su jerarqu\u00eda en esta importante cita.<\/p>\n<p>La elecci\u00f3n del estadio del sur de Quito a\u00f1ade un toque especial al evento, destacando su relevancia en el calendario deportivo nacional. <strong>(D)<\/strong><\/p>\n<p>&nbsp;<\/p>\n<div class=\"css-1dbjc4n r-18u37iz r-kzbkwu\">\n<div class=\"css-1dbjc4n r-eqz5dr r-1777fci r-4amgru r-1kh6xel\">\n<div class=\"css-1dbjc4n r-1ny4l3l\">\n<div class=\"css-1dbjc4n r-1wbh5a2 r-dnmrzs r-1ny4l3l\">\n<div class=\"css-1dbjc4n r-1wbh5a2 r-dnmrzs r-1ny4l3l\">\n<div class=\"css-1dbjc4n r-1awozwy r-18u37iz r-dnmrzs\">\n<div class=\"css-901oao r-1awozwy r-18jsvk2 r-6koalj r-1qd0xha r-a023e6 r-b88u0q r-rjixqe r-bcqeeo r-1udh08x r-3s2u2q r-qvutc0\" dir=\"auto\"><strong><span class=\"css-901oao css-16my406 css-1hf3ou5 r-poiln3 r-bcqeeo r-qvutc0\"><span class=\"css-901oao css-16my406 r-poiln3 r-bcqeeo r-qvutc0\">FEF\u00a0<\/span><\/span><\/strong><\/div>\n<div class=\"css-901oao r-18jsvk2 r-xoduu5 r-18u37iz r-1q142lx r-1qd0xha r-a023e6 r-16dba41 r-rjixqe r-bcqeeo r-qvutc0\" dir=\"auto\"><\/div>\n<\/div>\n<div class=\"css-1dbjc4n r-1awozwy r-18u37iz r-1wbh5a2\">\n<div class=\"css-1dbjc4n\">\n<div class=\"css-901oao css-1hf3ou5 r-14j79pv r-18u37iz r-1qd0xha r-1wvb978 r-a023e6 r-16dba41 r-rjixqe r-bcqeeo r-qvutc0\" dir=\"ltr\"><strong><span class=\"css-901oao css-16my406 r-poiln3 r-bcqeeo r-qvutc0\">@FEFecuador<\/span><\/strong><\/div>\n<\/div>\n<div class=\"css-1dbjc4n r-18u37iz r-1q142lx\">\n<div class=\"css-901oao r-14j79pv r-1q142lx r-1qd0xha r-a023e6 r-16dba41 r-rjixqe r-bcqeeo r-s1qlax r-qvutc0\" dir=\"auto\" aria-hidden=\"true\"><\/div>\n<\/div>\n<\/div>\n<\/div>\n<\/div>\n<\/div>\n<\/div>\n<\/div>\n<div class=\"css-1dbjc4n\">\n<div class=\"css-901oao r-18jsvk2 r-1dqbpge r-1qd0xha r-adyw6z r-16dba41 r-135wba7 r-bcqeeo r-bnwqim r-qvutc0\" dir=\"auto\" lang=\"es\" data-testid=\"tweetText\"><span class=\"css-901oao css-16my406 r-poiln3 r-bcqeeo r-qvutc0\"> La Supercopa Ecuador Ecuabet ser\u00e1 en el estadio Gonzalo Pozo Ripalda <\/span><\/div>\n<div class=\"css-901oao r-18jsvk2 r-1dqbpge r-1qd0xha r-adyw6z r-16dba41 r-135wba7 r-bcqeeo r-bnwqim r-qvutc0\" dir=\"auto\" lang=\"es\" data-testid=\"tweetText\"><span class=\"css-901oao css-16my406 r-poiln3 r-bcqeeo r-qvutc0\"> \u00bfQui\u00e9n ser\u00e1 el campe\u00f3n de campeones? <\/span><\/div>\n<div class=\"css-901oao r-18jsvk2 r-1dqbpge r-1qd0xha r-adyw6z r-16dba41 r-135wba7 r-bcqeeo r-bnwqim r-qvutc0\" dir=\"auto\" lang=\"es\" data-testid=\"tweetText\"><strong><span class=\"css-901oao css-16my406 r-poiln3 r-bcqeeo r-qvutc0\">\u00bf<\/span><span class=\"r-18u37iz\">@elnacionalec<\/span><span class=\"css-901oao css-16my406 r-poiln3 r-bcqeeo r-qvutc0\"> o <\/span><span class=\"r-18u37iz\">@LDU_Oficial<\/span><span class=\"css-901oao css-16my406 r-poiln3 r-bcqeeo r-qvutc0\">?<\/span><\/strong><\/div>\n<\/div>\n<p><img fetchpriority=\"high\" decoding=\"async\" class=\"\" src=\"https:\/\/pbs.twimg.com\/media\/GhSiyGUXsAAlswL?format=jpg&amp;name=small\" alt=\"Image\" width=\"473\" height=\"591\" \/><\/p>\n<p>&nbsp;<\/p>\n<p>Fuente: evafm.net &#8211; Studikofutbol.com.ec<\/p>\n<div class=\"gsp_post_data\" \r\n\t            data-post_type=\"post\" \r\n\t            data-cat=\"deportes-ecuador\" \r\n\t            data-modified=\"120\"\r\n\t            data-created=\"1736886789\"\r\n\t            data-title=\"La Supercopa Ecuador se jugar\u00e1 en el Gonzalo Pozo Ripalda\" \r\n\t            data-home=\"https:\/\/www.evafm.net\/sitio\"><\/div>","protected":false},"excerpt":{"rendered":"<p>La Federaci\u00f3n Ecuatoriana de F\u00fatbol (FEF) confirm\u00f3 este martes que el estadio Gonzalo Pozo Ripalda ser\u00e1 el escenario para la disputa de la Supercopa Ecuador 2025. El emocionante enfrentamiento entre El Nacional y Liga de Quito definir\u00e1 al primer campe\u00f3n del a\u00f1o, el pr\u00f3ximo s\u00e1bado 1 de febrero a partir de las 19:00. &nbsp; \u00abLa&#8230;<\/p>\n","protected":false},"author":5,"featured_media":85349,"comment_status":"closed","ping_status":"open","sticky":false,"template":"","format":"standard","meta":{"_joinchat":[],"footnotes":""},"categories":[1557],"tags":[],"class_list":["post-85348","post","type-post","status-publish","format-standard","has-post-thumbnail","hentry","category-deportes-ecuador","have-post-thumb"],"_links":{"self":[{"href":"https:\/\/www.evafm.net\/sitio\/wp-json\/wp\/v2\/posts\/85348","targetHints":{"allow":["GET"]}}],"collection":[{"href":"https:\/\/www.evafm.net\/sitio\/wp-json\/wp\/v2\/posts"}],"about":[{"href":"https:\/\/www.evafm.net\/sitio\/wp-json\/wp\/v2\/types\/post"}],"author":[{"embeddable":true,"href":"https:\/\/www.evafm.net\/sitio\/wp-json\/wp\/v2\/users\/5"}],"replies":[{"embeddable":true,"href":"https:\/\/www.evafm.net\/sitio\/wp-json\/wp\/v2\/comments?post=85348"}],"version-history":[{"count":1,"href":"https:\/\/www.evafm.net\/sitio\/wp-json\/wp\/v2\/posts\/85348\/revisions"}],"predecessor-version":[{"id":85350,"href":"https:\/\/www.evafm.net\/sitio\/wp-json\/wp\/v2\/posts\/85348\/revisions\/85350"}],"wp:featuredmedia":[{"embeddable":true,"href":"https:\/\/www.evafm.net\/sitio\/wp-json\/wp\/v2\/media\/85349"}],"wp:attachment":[{"href":"https:\/\/www.evafm.net\/sitio\/wp-json\/wp\/v2\/media?parent=85348"}],"wp:term":[{"taxonomy":"category","embeddable":true,"href":"https:\/\/www.evafm.net\/sitio\/wp-json\/wp\/v2\/categories?post=85348"},{"taxonomy":"post_tag","embeddable":true,"href":"https:\/\/www.evafm.net\/sitio\/wp-json\/wp\/v2\/tags?post=85348"}],"curies":[{"name":"wp","href":"https:\/\/api.w.org\/{rel}","templated":true}]}}