{"id":85351,"date":"2025-01-14T20:46:00","date_gmt":"2025-01-15T01:46:00","guid":{"rendered":"https:\/\/www.evafm.net\/sitio\/?p=85351"},"modified":"2025-01-14T20:46:00","modified_gmt":"2025-01-15T01:46:00","slug":"muentes-argumento-que-la-serie-c-fue-descalcificada","status":"publish","type":"post","link":"https:\/\/www.evafm.net\/sitio\/muentes-argumento-que-la-serie-c-fue-descalcificada\/","title":{"rendered":"Muentes argumento que la Serie C fue descalcificada"},"content":{"rendered":"<p><strong>Luis Muentes,<\/strong> presidente de la Agremiaci\u00f3n de \u00c1rbitros del Ecuador, revel\u00f3 en una entrevista con <b>Uni\u00f3n Radio<\/b><\/p>\n<p>que la propuesta de creaci\u00f3n de la Serie C fue descalificada para la temporada actual.<\/p>\n<p>Seg\u00fan Muentes, esta decisi\u00f3n se conoci\u00f3 tras una reuni\u00f3n con la Federaci\u00f3n Ecuatoriana de F\u00fatbol (FEF), donde<\/p>\n<p>se descart\u00f3 la propuesta presentada por la LigaPro.<\/p>\n<p>&nbsp;<\/p>\n<p>\u00abLa propuesta de la Serie C fue totalmente descalificada para esta temporada\u00bb, afirm\u00f3 Muentes, subrayando que<\/p>\n<p>la iniciativa no pas\u00f3 el filtro necesario en la FEF.<\/p>\n<p>&nbsp;<\/p>\n<p>Esta situaci\u00f3n ha generado una nueva controversia entre Francisco Egas, presidente de la FEF, y Miguel \u00c1ngel Loor<\/p>\n<p>presidente de la LigaPro.<\/p>\n<p>&nbsp;<\/p>\n<p>Un audio filtrado de Egas expresaba su malestar por la forma en que se hizo p\u00fablica la propuesta de la Serie C<\/p>\n<p>calific\u00e1ndola como una falta de respeto a la FEF.<\/p>\n<p>En respuesta, Loor utiliz\u00f3 su cuenta en la red social &#8216;X&#8217; para defenderse y dar su versi\u00f3n de los hechos.<\/p>\n<p>El desacuerdo entre ambos presidentes ha intensificado las tensiones entre las dos principales entidades del f\u00fatbol<\/p>\n<p>ecuatoriano, mostrando nuevamente las diferencias en sus visiones para el desarrollo del f\u00fatbol en el pa\u00eds. <strong>(D)<\/strong><\/p>\n<p>&nbsp;<\/p>\n<p>&nbsp;<\/p>\n<blockquote class=\"twitter-tweet\" data-width=\"550\" data-dnt=\"true\">\n<p lang=\"es\" dir=\"ltr\">\ud83d\udea8\ud83c\uddea\ud83c\udde8 \u201cEl tema de la Serie C fue \ud835\udde7\ud835\udde2\ud835\udde7\ud835\uddd4\ud835\udddf\ud835\udde0\ud835\uddd8\ud835\udde1\ud835\udde7\ud835\uddd8 \ud835\uddd7\ud835\uddd8\ud835\udde6\ud835\uddd6\ud835\uddd4\ud835\udddf\ud835\udddc\ud835\uddd9\ud835\udddc\ud835\uddd6\ud835\uddd4\ud835\uddd7\ud835\udde2\u201d.<\/p>\n<p>Luis Muentes, presidente de la Agremiaci\u00f3n de \u00c1rbitros, afirm\u00f3 que en la mesa de di\u00e1logo de la FEF, la posibilidad de que haya Serie C esta temporada fue descartada.<\/p>\n<p>Entrevista en <a href=\"https:\/\/twitter.com\/Unionradio580am?ref_src=twsrc%5Etfw\">@Unionradio580am<\/a> <a href=\"https:\/\/t.co\/cqOe4HSHDu\">pic.twitter.com\/cqOe4HSHDu<\/a><\/p>\n<p>&mdash; StudioF\u00fatbol \u26bd (@StudioFutbol) <a href=\"https:\/\/twitter.com\/StudioFutbol\/status\/1879215478280753399?ref_src=twsrc%5Etfw\">January 14, 2025<\/a><\/p><\/blockquote>\n<p><script async src=\"https:\/\/platform.twitter.com\/widgets.js\" charset=\"utf-8\"><\/script><\/p>\n<p>&nbsp;<\/p>\n<p>Fuente: evafm.net &#8211; studiofutbol.com.ec<\/p>\n<div class=\"gsp_post_data\" \r\n\t            data-post_type=\"post\" \r\n\t            data-cat=\"deportes-ecuador\" \r\n\t            data-modified=\"120\"\r\n\t            data-created=\"1736887560\"\r\n\t            data-title=\"Muentes argumento que la Serie C fue descalcificada\" \r\n\t            data-home=\"https:\/\/www.evafm.net\/sitio\"><\/div>","protected":false},"excerpt":{"rendered":"<p>Luis Muentes, presidente de la Agremiaci\u00f3n de \u00c1rbitros del Ecuador, revel\u00f3 en una entrevista con Uni\u00f3n Radio que la propuesta de creaci\u00f3n de la Serie C fue descalificada para la temporada actual. Seg\u00fan Muentes, esta decisi\u00f3n se conoci\u00f3 tras una reuni\u00f3n con la Federaci\u00f3n Ecuatoriana de F\u00fatbol (FEF), donde se descart\u00f3 la propuesta presentada por&#8230;<\/p>\n","protected":false},"author":5,"featured_media":85352,"comment_status":"closed","ping_status":"open","sticky":false,"template":"","format":"standard","meta":{"_joinchat":[],"footnotes":""},"categories":[1557],"tags":[],"class_list":["post-85351","post","type-post","status-publish","format-standard","has-post-thumbnail","hentry","category-deportes-ecuador","have-post-thumb"],"_links":{"self":[{"href":"https:\/\/www.evafm.net\/sitio\/wp-json\/wp\/v2\/posts\/85351","targetHints":{"allow":["GET"]}}],"collection":[{"href":"https:\/\/www.evafm.net\/sitio\/wp-json\/wp\/v2\/posts"}],"about":[{"href":"https:\/\/www.evafm.net\/sitio\/wp-json\/wp\/v2\/types\/post"}],"author":[{"embeddable":true,"href":"https:\/\/www.evafm.net\/sitio\/wp-json\/wp\/v2\/users\/5"}],"replies":[{"embeddable":true,"href":"https:\/\/www.evafm.net\/sitio\/wp-json\/wp\/v2\/comments?post=85351"}],"version-history":[{"count":1,"href":"https:\/\/www.evafm.net\/sitio\/wp-json\/wp\/v2\/posts\/85351\/revisions"}],"predecessor-version":[{"id":85353,"href":"https:\/\/www.evafm.net\/sitio\/wp-json\/wp\/v2\/posts\/85351\/revisions\/85353"}],"wp:featuredmedia":[{"embeddable":true,"href":"https:\/\/www.evafm.net\/sitio\/wp-json\/wp\/v2\/media\/85352"}],"wp:attachment":[{"href":"https:\/\/www.evafm.net\/sitio\/wp-json\/wp\/v2\/media?parent=85351"}],"wp:term":[{"taxonomy":"category","embeddable":true,"href":"https:\/\/www.evafm.net\/sitio\/wp-json\/wp\/v2\/categories?post=85351"},{"taxonomy":"post_tag","embeddable":true,"href":"https:\/\/www.evafm.net\/sitio\/wp-json\/wp\/v2\/tags?post=85351"}],"curies":[{"name":"wp","href":"https:\/\/api.w.org\/{rel}","templated":true}]}}