{"id":85358,"date":"2025-01-15T09:18:51","date_gmt":"2025-01-15T14:18:51","guid":{"rendered":"https:\/\/www.evafm.net\/sitio\/?p=85358"},"modified":"2025-01-15T09:18:51","modified_gmt":"2025-01-15T14:18:51","slug":"fiscal-que-investiga-a-evo-morales-indica-que-se-presente-a-la-audiencia","status":"publish","type":"post","link":"https:\/\/www.evafm.net\/sitio\/fiscal-que-investiga-a-evo-morales-indica-que-se-presente-a-la-audiencia\/","title":{"rendered":"Fiscal que investiga a Evo Morales indica que se presente a la audiencia"},"content":{"rendered":"<p>Tras la<b>\u00a0ausencia del ex presidente Evo Morales (2006-2019) a la audiencia de medidas cautelares a la que<\/b><\/p>\n<p><b> fue convocado el martes<\/b>, la Justicia determin\u00f3\u00a0suspender la sesi\u00f3n hasta el viernes 17 de enero\u00a0y solicitar a la defensa<\/p>\n<p>del ex mandatario que presente un certificado de salud del Instituto de Investigaci\u00f3n Forense <strong>(IDIF)<\/strong> que ratifique su<\/p>\n<p>diagn\u00f3stico e imposibilidad de asistir.<\/p>\n<p>&nbsp;<\/p>\n<p class=\"paragraph\" data-mrf-recirculation=\"Links inline\">Al concluir el acto judicial,\u00a0<b>la fiscal distrital de la ciudad de Tarija (sur), Sandra Guti\u00e9rrez<\/b>, critic\u00f3 que Morales<\/p>\n<p class=\"paragraph\" data-mrf-recirculation=\"Links inline\">hubiera participado el fin de semana en actos p\u00fablicos y en su programa de radio y que luego presente un informe<\/p>\n<p class=\"paragraph\" data-mrf-recirculation=\"Links inline\">m\u00e9dico para faltar a la audiencia.<\/p>\n<p data-mrf-recirculation=\"Links inline\">\n<p class=\"paragraph\" data-mrf-recirculation=\"Links inline\">\u201c<b>Pasa una cosa u otra cosa, esperemos que el viernes no nos presenten otro impedimento el cual nos <\/b><\/p>\n<p class=\"paragraph\" data-mrf-recirculation=\"Links inline\"><b>impida llevar adelante la audiencia de medidas cautelares, ah\u00ed ya estar\u00edamos entrando a chicanas <\/b><\/p>\n<p class=\"paragraph\" data-mrf-recirculation=\"Links inline\"><b>jur\u00eddicas<\/b>\u201d, manifest\u00f3 en el canal Red Uno.<\/p>\n<div class=\"inline ad-wrapper\">\n<div class=\"dfpAd ad-inline\">\n<div id=\"america\/america_latina\/nota\/inline\" class=\"america\/america_latina\/nota\/inline arcad\">\n<div id=\"google_ads_iframe_\/1058609\/america\/america_latina\/nota\/inline_0__container__\"><\/div>\n<\/div>\n<\/div>\n<\/div>\n<p class=\"paragraph\" data-mrf-recirculation=\"Links inline\">El ex mandatario est\u00e1<b>\u00a0imputado por una acusaci\u00f3n de trata de personas y estupro, por el supuesto <\/b><\/p>\n<p class=\"paragraph\" data-mrf-recirculation=\"Links inline\"><b>embarazo de una adolescente en el a\u00f1o 2016<\/b>\u00a0y la Fiscal\u00eda pide su detenci\u00f3n preventiva por seis meses mientras<\/p>\n<p class=\"paragraph\" data-mrf-recirculation=\"Links inline\">se desarrollan las investigaciones.<\/p>\n<p data-mrf-recirculation=\"Links inline\">\n<p data-mrf-recirculation=\"Links inline\">El ex mandatario est\u00e1<b>\u00a0imputado por una acusaci\u00f3n de trata de personas y estupro, por el supuesto <\/b><\/p>\n<p data-mrf-recirculation=\"Links inline\"><b>embarazo de una adolescente en el a\u00f1o 2016<\/b>\u00a0y la Fiscal\u00eda pide su detenci\u00f3n preventiva por seis meses mientras<\/p>\n<p data-mrf-recirculation=\"Links inline\">se desarrollan las investigaciones.<\/p>\n<p data-mrf-recirculation=\"Links inline\">\n<p data-mrf-recirculation=\"Links inline\">Seg\u00fan el informe presentado el abogado defensor de Morales, firmado por una m\u00e9dico cirujano con fecha del<\/p>\n<p data-mrf-recirculation=\"Links inline\">12 de enero <b>el l\u00edder cocalero tendr\u00eda bronconeumon\u00eda y bradicardia en estudio<\/b>\u00a0que le impedir\u00edan presentarse<\/p>\n<p data-mrf-recirculation=\"Links inline\">ante la Justicia.<\/p>\n<p data-mrf-recirculation=\"Links inline\">Sin embargo, el fin de semana circul\u00f3 un video en los que\u00a0se lo ve caminando rodeado de sus seguidores\u00a0en una calle del<\/p>\n<p data-mrf-recirculation=\"Links inline\">Tr\u00f3pico de Cochabamba.<\/p>\n<p data-mrf-recirculation=\"Links inline\">\n<p data-mrf-recirculation=\"Links inline\">El ex mandatario fue inicialmente convocado a declarar el 10 de octubre pasado pero\u00a0<b>el abogado que lidera su<\/b><\/p>\n<p data-mrf-recirculation=\"Links inline\"><b> defensa <\/b><b>Jorge P\u00e9rez, manifest\u00f3 que no hab\u00edan garant\u00edas y present\u00f3 un memorial.<\/b><\/p>\n<p data-mrf-recirculation=\"Links inline\">\n<p data-mrf-recirculation=\"Links inline\">Posteriormente, cuando se fij\u00f3 la fecha de la audiencia para el 14 de enero y se lo cit\u00f3 mediante un edito p\u00fablico<\/p>\n<p data-mrf-recirculation=\"Links inline\">su equipo jur\u00eddico anunci\u00f3 que no asistir\u00eda porque \u201cno fue notificado\u201d.<\/p>\n<p data-mrf-recirculation=\"Links inline\">Finalmente, el d\u00eda de la audiencia, P\u00e9rez justific\u00f3 la ausencia con el parte m\u00e9dico, dijo que el proceso carece de<\/p>\n<p data-mrf-recirculation=\"Links inline\">base jur\u00eddica y que no se le permiti\u00f3 ver el cuadernillo de la investigaci\u00f3n.<\/p>\n<p data-mrf-recirculation=\"Links inline\">\n<p class=\"paragraph\" data-mrf-recirculation=\"Links inline\">La audiencia tuvo\u00a0<b>momentos de tensi\u00f3n y un cruce entre el abogado de Evo Morales y el juez <\/b><\/p>\n<p class=\"paragraph\" data-mrf-recirculation=\"Links inline\"><b>Nelson Rocabado <\/b>quien para recomponer el orden en la sala interrumpi\u00f3 al jurista y le dijo con firmeza:<\/p>\n<p class=\"paragraph\" data-mrf-recirculation=\"Links inline\">\u201c<b>le voy a pedir respeto porque quien dirige la audiencia es el juez<\/b>\u00a0esta no es una reuni\u00f3n, es una<\/p>\n<p class=\"paragraph\" data-mrf-recirculation=\"Links inline\">audiencia judicial\u201d.<\/p>\n<p data-mrf-recirculation=\"Links inline\">\n<p class=\"paragraph\" data-mrf-recirculation=\"Links inline\">Al finalizar el acto,\u00a0<b>P\u00e9rez declar\u00f3 ante los medios que el ex mandatario est\u00e1 en \u201cabsoluta indefensi\u00f3n\u201d<\/b><\/p>\n<p class=\"paragraph\" data-mrf-recirculation=\"Links inline\"><b>\u00a0<\/b>porque solo conocen \u201calgunas piezas\u201d del caso.<\/p>\n<p class=\"paragraph\" data-mrf-recirculation=\"Links inline\">Entre tanto, Morales, que es bastante activo en redes sociales, no ha hecho ninguna referencia relacionada al caso<\/p>\n<p class=\"paragraph\" data-mrf-recirculation=\"Links inline\">ni a la audiencia del martes.<\/p>\n<p data-mrf-recirculation=\"Links inline\">\n<p class=\"paragraph\" data-mrf-recirculation=\"Links inline\">Por otro lado, Idelsa P.S., la madre de la menor con la que el ex mandatario habr\u00eda tenido una hija presuntamente<\/p>\n<p class=\"paragraph\" data-mrf-recirculation=\"Links inline\">bajo su complicidad,\u00a0<b>fue declarada en rebeld\u00eda por su inasistencia y se aprob\u00f3 una orden de aprehensi\u00f3n<\/b>.<\/p>\n<p class=\"paragraph\" data-mrf-recirculation=\"Links inline\">El padre la de menor est\u00e1 detenido preventivamente por los mismos cargos de los que se acusa a la madre.<\/p>\n<p data-mrf-recirculation=\"Links inline\">\n<p class=\"paragraph\" data-mrf-recirculation=\"Links inline\">\u201cEl d\u00eda de hoy se ha declarado su rebeld\u00eda,\u00a0<b>disponi\u00e9ndose diferentes medidas para su b\u00fasqueda y aprehensi\u00f3n<\/b><\/p>\n<p class=\"paragraph\" data-mrf-recirculation=\"Links inline\">es decir para someter a esta ciudadana a este proceso penal\u201d, se\u00f1al\u00f3 Rocabado en una conferencia de prensa al concluir<\/p>\n<p class=\"paragraph\" data-mrf-recirculation=\"Links inline\">la audiencia.<\/p>\n<p data-mrf-recirculation=\"Links inline\">\n<p class=\"paragraph\" data-mrf-recirculation=\"Links inline\">El fin de semana hubo cuatro allanamientos a viviendas vinculadas a la familia de la v\u00edctima en las que se secuestraron<\/p>\n<p class=\"paragraph\" data-mrf-recirculation=\"Links inline\">computadoras y celulares para continuar con las pesquisas.<\/p>\n<p data-mrf-recirculation=\"Links inline\">\n<p class=\"paragraph\" data-mrf-recirculation=\"Links inline\">Poco despu\u00e9s del dictamen del juez, hubo una manifestaci\u00f3n poco concurrida de dirigentes del Comit\u00e9 C\u00edvico<\/p>\n<p class=\"paragraph\" data-mrf-recirculation=\"Links inline\">miembros de la Federaci\u00f3n Sindical \u00danica de Comunidades Campesinas de Tarija y un grupo de mujeres que expresaron<\/p>\n<p class=\"paragraph\" data-mrf-recirculation=\"Links inline\">su r<b>echazo a la suspensi\u00f3n <\/b><b>de la audiencia y la dilataci\u00f3n del proceso<\/b>.<\/p>\n<p data-mrf-recirculation=\"Links inline\">\n<p class=\"paragraph\" data-mrf-recirculation=\"Links inline\">La audiencia est\u00e1 fijada para\u00a0<b>el viernes 17 de enero a las 09:30 en la ciudad de Tarija<\/b>, la Fiscal\u00eda anunci\u00f3 que<\/p>\n<p class=\"paragraph\" data-mrf-recirculation=\"Links inline\">pedir\u00e1 seis meses de detenci\u00f3n preventiva para el ex mandatario. <strong>(I)<\/strong><\/p>\n<p data-mrf-recirculation=\"Links inline\">\n<p data-mrf-recirculation=\"Links inline\">Fuente: evafm.net &#8211; infobae.com<\/p>\n<p data-mrf-recirculation=\"Links inline\">\n<div class=\"gsp_post_data\" \r\n\t            data-post_type=\"post\" \r\n\t            data-cat=\"general,noticias-internacionales\" \r\n\t            data-modified=\"120\"\r\n\t            data-created=\"1736932731\"\r\n\t            data-title=\"Fiscal que investiga a Evo Morales indica que se presente a la audiencia\" \r\n\t            data-home=\"https:\/\/www.evafm.net\/sitio\"><\/div>","protected":false},"excerpt":{"rendered":"<p>Tras la\u00a0ausencia del ex presidente Evo Morales (2006-2019) a la audiencia de medidas cautelares a la que fue convocado el martes, la Justicia determin\u00f3\u00a0suspender la sesi\u00f3n hasta el viernes 17 de enero\u00a0y solicitar a la defensa del ex mandatario que presente un certificado de salud del Instituto de Investigaci\u00f3n Forense (IDIF) que ratifique su diagn\u00f3stico&#8230;<\/p>\n","protected":false},"author":5,"featured_media":85359,"comment_status":"closed","ping_status":"open","sticky":false,"template":"","format":"standard","meta":{"_joinchat":[],"footnotes":""},"categories":[1720,1345],"tags":[],"class_list":["post-85358","post","type-post","status-publish","format-standard","has-post-thumbnail","hentry","category-general","category-noticias-internacionales","have-post-thumb"],"_links":{"self":[{"href":"https:\/\/www.evafm.net\/sitio\/wp-json\/wp\/v2\/posts\/85358","targetHints":{"allow":["GET"]}}],"collection":[{"href":"https:\/\/www.evafm.net\/sitio\/wp-json\/wp\/v2\/posts"}],"about":[{"href":"https:\/\/www.evafm.net\/sitio\/wp-json\/wp\/v2\/types\/post"}],"author":[{"embeddable":true,"href":"https:\/\/www.evafm.net\/sitio\/wp-json\/wp\/v2\/users\/5"}],"replies":[{"embeddable":true,"href":"https:\/\/www.evafm.net\/sitio\/wp-json\/wp\/v2\/comments?post=85358"}],"version-history":[{"count":1,"href":"https:\/\/www.evafm.net\/sitio\/wp-json\/wp\/v2\/posts\/85358\/revisions"}],"predecessor-version":[{"id":85360,"href":"https:\/\/www.evafm.net\/sitio\/wp-json\/wp\/v2\/posts\/85358\/revisions\/85360"}],"wp:featuredmedia":[{"embeddable":true,"href":"https:\/\/www.evafm.net\/sitio\/wp-json\/wp\/v2\/media\/85359"}],"wp:attachment":[{"href":"https:\/\/www.evafm.net\/sitio\/wp-json\/wp\/v2\/media?parent=85358"}],"wp:term":[{"taxonomy":"category","embeddable":true,"href":"https:\/\/www.evafm.net\/sitio\/wp-json\/wp\/v2\/categories?post=85358"},{"taxonomy":"post_tag","embeddable":true,"href":"https:\/\/www.evafm.net\/sitio\/wp-json\/wp\/v2\/tags?post=85358"}],"curies":[{"name":"wp","href":"https:\/\/api.w.org\/{rel}","templated":true}]}}