{"id":85361,"date":"2025-01-15T09:30:52","date_gmt":"2025-01-15T14:30:52","guid":{"rendered":"https:\/\/www.evafm.net\/sitio\/?p=85361"},"modified":"2025-01-15T09:30:52","modified_gmt":"2025-01-15T14:30:52","slug":"ronie-carrillo-jugara-en-el-inter-de-limeira-de-brasil","status":"publish","type":"post","link":"https:\/\/www.evafm.net\/sitio\/ronie-carrillo-jugara-en-el-inter-de-limeira-de-brasil\/","title":{"rendered":"Ronie Carrillo jugar\u00e1 en el Inter de Limeira de Brasil"},"content":{"rendered":"<p>El delantero ecuatoriano <strong>Ronie Carrillo<\/strong> continuar\u00e1 su carrera en el Inter de Limeira, equipo brasile\u00f1o que disputa el <strong>Paulistao.<\/strong><\/p>\n<p>La informaci\u00f3n fue confirmada por el periodista Diego Briones, quien se\u00f1al\u00f3 que Carrillo llega al club en calidad de pr\u00e9stamo<\/p>\n<p>tras un paso poco productivo por Juventude, donde no logr\u00f3 consolidarse.<\/p>\n<p>&nbsp;<\/p>\n<p>El Inter de Limeira, que recientemente ascendi\u00f3 a la Serie C de Brasil, apuesta por el atacante ecuatoriano como refuerzo clave<\/p>\n<p>para afrontar el Paulist\u00e3o.<\/p>\n<p>&nbsp;<\/p>\n<p>Inicialmente, el pr\u00e9stamo de Carrillo ser\u00e1 hasta el final del torneo estadual, pero existe la posibilidad de extenderlo por todo<\/p>\n<p>el a\u00f1o, dependiendo de su desempe\u00f1o y la evaluaci\u00f3n del cuerpo t\u00e9cnico.<\/p>\n<p>&nbsp;<\/p>\n<p>Este nuevo desaf\u00edo representa una oportunidad para que Carrillo recupere protagonismo y confianza en una liga competitiva.<\/p>\n<p>Su llegada al Inter de Limeira genera expectativas en el club y en los aficionados, que esperan que el delantero contribuya con<\/p>\n<p>goles y buen rendimiento en esta temporada. <strong>(D)<\/strong><\/p>\n<p>&nbsp;<\/p>\n<p>Fuente: evafm.net &#8211; studiofutbol.com.ec<\/p>\n<div class=\"gsp_post_data\" \r\n\t            data-post_type=\"post\" \r\n\t            data-cat=\"deportes-internacionales,general\" \r\n\t            data-modified=\"120\"\r\n\t            data-created=\"1736933452\"\r\n\t            data-title=\"Ronie Carrillo jugar\u00e1 en el Inter de Limeira de Brasil\" \r\n\t            data-home=\"https:\/\/www.evafm.net\/sitio\"><\/div>","protected":false},"excerpt":{"rendered":"<p>El delantero ecuatoriano Ronie Carrillo continuar\u00e1 su carrera en el Inter de Limeira, equipo brasile\u00f1o que disputa el Paulistao. La informaci\u00f3n fue confirmada por el periodista Diego Briones, quien se\u00f1al\u00f3 que Carrillo llega al club en calidad de pr\u00e9stamo tras un paso poco productivo por Juventude, donde no logr\u00f3 consolidarse. &nbsp; El Inter de Limeira,&#8230;<\/p>\n","protected":false},"author":5,"featured_media":85362,"comment_status":"closed","ping_status":"open","sticky":false,"template":"","format":"standard","meta":{"_joinchat":[],"footnotes":""},"categories":[1342,1720],"tags":[],"class_list":["post-85361","post","type-post","status-publish","format-standard","has-post-thumbnail","hentry","category-deportes-internacionales","category-general","have-post-thumb"],"_links":{"self":[{"href":"https:\/\/www.evafm.net\/sitio\/wp-json\/wp\/v2\/posts\/85361","targetHints":{"allow":["GET"]}}],"collection":[{"href":"https:\/\/www.evafm.net\/sitio\/wp-json\/wp\/v2\/posts"}],"about":[{"href":"https:\/\/www.evafm.net\/sitio\/wp-json\/wp\/v2\/types\/post"}],"author":[{"embeddable":true,"href":"https:\/\/www.evafm.net\/sitio\/wp-json\/wp\/v2\/users\/5"}],"replies":[{"embeddable":true,"href":"https:\/\/www.evafm.net\/sitio\/wp-json\/wp\/v2\/comments?post=85361"}],"version-history":[{"count":1,"href":"https:\/\/www.evafm.net\/sitio\/wp-json\/wp\/v2\/posts\/85361\/revisions"}],"predecessor-version":[{"id":85363,"href":"https:\/\/www.evafm.net\/sitio\/wp-json\/wp\/v2\/posts\/85361\/revisions\/85363"}],"wp:featuredmedia":[{"embeddable":true,"href":"https:\/\/www.evafm.net\/sitio\/wp-json\/wp\/v2\/media\/85362"}],"wp:attachment":[{"href":"https:\/\/www.evafm.net\/sitio\/wp-json\/wp\/v2\/media?parent=85361"}],"wp:term":[{"taxonomy":"category","embeddable":true,"href":"https:\/\/www.evafm.net\/sitio\/wp-json\/wp\/v2\/categories?post=85361"},{"taxonomy":"post_tag","embeddable":true,"href":"https:\/\/www.evafm.net\/sitio\/wp-json\/wp\/v2\/tags?post=85361"}],"curies":[{"name":"wp","href":"https:\/\/api.w.org\/{rel}","templated":true}]}}