{"id":86379,"date":"2025-02-02T16:13:28","date_gmt":"2025-02-02T21:13:28","guid":{"rendered":"https:\/\/www.evafm.net\/sitio\/?p=86379"},"modified":"2025-02-02T16:13:28","modified_gmt":"2025-02-02T21:13:28","slug":"el-iva-de-alimentos-para-mascotas-se-elimina-desde-este-1-de-febrero","status":"publish","type":"post","link":"https:\/\/www.evafm.net\/sitio\/el-iva-de-alimentos-para-mascotas-se-elimina-desde-este-1-de-febrero\/","title":{"rendered":"El IVA de alimentos para mascotas se elimina desde este 1 de febrero"},"content":{"rendered":"<div class=\"paragraph\">\n<p>Desde el 1 de febrero de 2025, los alimentos para mascotas\u00a0<b>no pagar\u00e1n<\/b>\u00a0el\u00a0<b>impuesto al valor agregado<\/b>\u00a0(IVA).<\/p>\n<p>Pasan a ser considerados\u00a0<a href=\"https:\/\/www.ecuavisa.com\/noticias\/economia\/empleo-adecuado-trabajo-ecuador-GH8696800\" target=\"_blank\" rel=\"noopener noreferrer\">productos veterinarios<\/a>, seg\u00fan lo establece el decreto ejecutivo No. 516, dispuesto por el presidente <strong>Daniel Noboa.<\/strong><\/p>\n<p>&nbsp;<\/p>\n<p>Los productos en los que se aplica la reducci\u00f3n, seg\u00fan detall\u00f3 el Servicio de Rentas Internas (SRI), son:<\/p>\n<div id=\"sunmedia-div\"><\/div>\n<\/div>\n<ul>\n<li class=\"bullet\">Alimento balanceado nutricional, seco y h\u00famedo,<\/li>\n<li class=\"bullet\">Alimentos importados o nacionales<\/li>\n<\/ul>\n<p>&nbsp;<\/p>\n<p>Seg\u00fan el censo de 2022,\u00a0<b>seis de cada 10 hogares<\/b>\u00a0en Ecuador tienen\u00a0<b>al menos una mascota<\/b>, sumando aproximadamente 7,6 millones de<\/p>\n<p>animales de compa\u00f1\u00eda, de los cuales <strong>68,5 %<\/strong> son perros y<strong> 31,5 % gatos.<\/strong><\/p>\n<p>&nbsp;<\/p>\n<p><strong>Solo el alimento de mascotas no pagar\u00e1 IVA:<\/strong><\/p>\n<p>Para garantizar el control tributario y aduanero, el Servicio de Rentas Internas (SRI) y el Servicio Nacional de Aduanas (Senae), con apoyo<\/p>\n<p>de la Agencia de Regulaci\u00f3n y Control Fito y Zoosanitario (Agrocalidad), identificar\u00e1n los productos que no son destinados a la alimentaci\u00f3n<\/p>\n<p>nutricional de mascotas, para la aplicaci\u00f3n de la tarifa de IVA correspondiente.<\/p>\n<p>&nbsp;<\/p>\n<p>Esta exoneraci\u00f3n fiscal se ver\u00e1 reflejada en el valor final de los alimentos y, \u00abaliviar\u00e1 la carga econ\u00f3mica de las familias, garantizando el acceso<\/p>\n<p>a una alimentaci\u00f3n adecuada para sus mascotas y fomentando el cuidado responsable de los animales\u00bb. <strong>(I)<\/strong><\/p>\n<p>&nbsp;<\/p>\n<p>Fuente: evafm.net &#8211; ecuavisa.com<\/p>\n<p>&nbsp;<\/p>\n<p>&nbsp;<\/p>\n<div class=\"gsp_post_data\" \r\n\t            data-post_type=\"post\" \r\n\t            data-cat=\"noticias-ecuador\" \r\n\t            data-modified=\"120\"\r\n\t            data-created=\"1738512808\"\r\n\t            data-title=\"El IVA de alimentos para mascotas se elimina desde este 1 de febrero\" \r\n\t            data-home=\"https:\/\/www.evafm.net\/sitio\"><\/div>","protected":false},"excerpt":{"rendered":"<p>Desde el 1 de febrero de 2025, los alimentos para mascotas\u00a0no pagar\u00e1n\u00a0el\u00a0impuesto al valor agregado\u00a0(IVA). Pasan a ser considerados\u00a0productos veterinarios, seg\u00fan lo establece el decreto ejecutivo No. 516, dispuesto por el presidente Daniel Noboa. &nbsp; Los productos en los que se aplica la reducci\u00f3n, seg\u00fan detall\u00f3 el Servicio de Rentas Internas (SRI), son: Alimento balanceado&#8230;<\/p>\n","protected":false},"author":5,"featured_media":86380,"comment_status":"closed","ping_status":"open","sticky":false,"template":"","format":"standard","meta":{"_joinchat":[],"footnotes":""},"categories":[1558],"tags":[],"class_list":["post-86379","post","type-post","status-publish","format-standard","has-post-thumbnail","hentry","category-noticias-ecuador","have-post-thumb"],"_links":{"self":[{"href":"https:\/\/www.evafm.net\/sitio\/wp-json\/wp\/v2\/posts\/86379","targetHints":{"allow":["GET"]}}],"collection":[{"href":"https:\/\/www.evafm.net\/sitio\/wp-json\/wp\/v2\/posts"}],"about":[{"href":"https:\/\/www.evafm.net\/sitio\/wp-json\/wp\/v2\/types\/post"}],"author":[{"embeddable":true,"href":"https:\/\/www.evafm.net\/sitio\/wp-json\/wp\/v2\/users\/5"}],"replies":[{"embeddable":true,"href":"https:\/\/www.evafm.net\/sitio\/wp-json\/wp\/v2\/comments?post=86379"}],"version-history":[{"count":1,"href":"https:\/\/www.evafm.net\/sitio\/wp-json\/wp\/v2\/posts\/86379\/revisions"}],"predecessor-version":[{"id":86381,"href":"https:\/\/www.evafm.net\/sitio\/wp-json\/wp\/v2\/posts\/86379\/revisions\/86381"}],"wp:featuredmedia":[{"embeddable":true,"href":"https:\/\/www.evafm.net\/sitio\/wp-json\/wp\/v2\/media\/86380"}],"wp:attachment":[{"href":"https:\/\/www.evafm.net\/sitio\/wp-json\/wp\/v2\/media?parent=86379"}],"wp:term":[{"taxonomy":"category","embeddable":true,"href":"https:\/\/www.evafm.net\/sitio\/wp-json\/wp\/v2\/categories?post=86379"},{"taxonomy":"post_tag","embeddable":true,"href":"https:\/\/www.evafm.net\/sitio\/wp-json\/wp\/v2\/tags?post=86379"}],"curies":[{"name":"wp","href":"https:\/\/api.w.org\/{rel}","templated":true}]}}