{"id":86458,"date":"2025-02-05T13:56:22","date_gmt":"2025-02-05T18:56:22","guid":{"rendered":"https:\/\/www.evafm.net\/sitio\/?p=86458"},"modified":"2025-02-05T13:56:22","modified_gmt":"2025-02-05T18:56:22","slug":"alex-arce-el-mejor-jugador-de-la-liga-pro-2024","status":"publish","type":"post","link":"https:\/\/www.evafm.net\/sitio\/alex-arce-el-mejor-jugador-de-la-liga-pro-2024\/","title":{"rendered":"Alex Arce, el mejor jugador de la Liga Pro 2024"},"content":{"rendered":"<p>Este martes, en el prestigioso evento anual de la <strong>LigaPro<\/strong>, se premi\u00f3 a los mejores futbolistas de la <strong>temporada. <\/strong><\/p>\n<p>Uno de los galardones m\u00e1s esperados fue el de jugador m\u00e1s valioso del 2024, conocido como <strong>\u201cEL PRO\u201d.<\/strong><\/p>\n<p>&nbsp;<\/p>\n<p><strong>El elegido fue Alex Arce, delantero de Liga de Quito. <\/strong><\/p>\n<p>El paraguayo tuvo un desempe\u00f1o sobresaliente, registrando 28 goles en 31 partidos de la <strong>LigaPro,<\/strong> su mejor temporada desde que debut\u00f3 en<strong> 2017.<\/strong><\/p>\n<p>Arce fue el referente ofensivo del equipo \u2018albo\u2019. Su oportunismo, consistencia y capacidad goleadora fueron clave para que Liga alcanzara su<\/p>\n<p>decimotercer t\u00edtulo nacional. <strong>(D)<\/strong><\/p>\n<p>&nbsp;<\/p>\n<blockquote class=\"twitter-tweet\" data-width=\"550\" data-dnt=\"true\">\n<p lang=\"es\" dir=\"ltr\">\ud83e\udd16\ud83e\udd47\ud83d\udc4f &quot;ESTE PREMIO LO LLEVAR\u00c9 SIEMPRE EN LA MEMORIA&quot; <\/p>\n<p>Alex Arce y sus primeras palabras luego de ganar EL PRO al mejor jugador de la LigaPro Serie A 2024.<\/p>\n<p>\ud83d\udcf9: <a href=\"https:\/\/twitter.com\/LigaProEC?ref_src=twsrc%5Etfw\">@LigaProEC<\/a> <a href=\"https:\/\/t.co\/Q1kIzCOUWt\">pic.twitter.com\/Q1kIzCOUWt<\/a><\/p>\n<p>&mdash; StudioF\u00fatbol \u26bd (@StudioFutbol) <a href=\"https:\/\/twitter.com\/StudioFutbol\/status\/1886967680000823370?ref_src=twsrc%5Etfw\">February 5, 2025<\/a><\/p><\/blockquote>\n<p><script async src=\"https:\/\/platform.twitter.com\/widgets.js\" charset=\"utf-8\"><\/script><\/p>\n<p>&nbsp;<\/p>\n<p>Fuente: evafm.net &#8211; studiofutbol.com.ec<\/p>\n<div class=\"gsp_post_data\" \r\n\t            data-post_type=\"post\" \r\n\t            data-cat=\"deportes-ecuador,general\" \r\n\t            data-modified=\"120\"\r\n\t            data-created=\"1738763782\"\r\n\t            data-title=\"Alex Arce, el mejor jugador de la Liga Pro 2024\" \r\n\t            data-home=\"https:\/\/www.evafm.net\/sitio\"><\/div>","protected":false},"excerpt":{"rendered":"<p>Este martes, en el prestigioso evento anual de la LigaPro, se premi\u00f3 a los mejores futbolistas de la temporada. Uno de los galardones m\u00e1s esperados fue el de jugador m\u00e1s valioso del 2024, conocido como \u201cEL PRO\u201d. &nbsp; El elegido fue Alex Arce, delantero de Liga de Quito. El paraguayo tuvo un desempe\u00f1o sobresaliente, registrando&#8230;<\/p>\n","protected":false},"author":5,"featured_media":86464,"comment_status":"closed","ping_status":"open","sticky":false,"template":"","format":"standard","meta":{"_joinchat":[],"footnotes":""},"categories":[1557,1720],"tags":[],"class_list":["post-86458","post","type-post","status-publish","format-standard","has-post-thumbnail","hentry","category-deportes-ecuador","category-general","have-post-thumb"],"_links":{"self":[{"href":"https:\/\/www.evafm.net\/sitio\/wp-json\/wp\/v2\/posts\/86458","targetHints":{"allow":["GET"]}}],"collection":[{"href":"https:\/\/www.evafm.net\/sitio\/wp-json\/wp\/v2\/posts"}],"about":[{"href":"https:\/\/www.evafm.net\/sitio\/wp-json\/wp\/v2\/types\/post"}],"author":[{"embeddable":true,"href":"https:\/\/www.evafm.net\/sitio\/wp-json\/wp\/v2\/users\/5"}],"replies":[{"embeddable":true,"href":"https:\/\/www.evafm.net\/sitio\/wp-json\/wp\/v2\/comments?post=86458"}],"version-history":[{"count":1,"href":"https:\/\/www.evafm.net\/sitio\/wp-json\/wp\/v2\/posts\/86458\/revisions"}],"predecessor-version":[{"id":86465,"href":"https:\/\/www.evafm.net\/sitio\/wp-json\/wp\/v2\/posts\/86458\/revisions\/86465"}],"wp:featuredmedia":[{"embeddable":true,"href":"https:\/\/www.evafm.net\/sitio\/wp-json\/wp\/v2\/media\/86464"}],"wp:attachment":[{"href":"https:\/\/www.evafm.net\/sitio\/wp-json\/wp\/v2\/media?parent=86458"}],"wp:term":[{"taxonomy":"category","embeddable":true,"href":"https:\/\/www.evafm.net\/sitio\/wp-json\/wp\/v2\/categories?post=86458"},{"taxonomy":"post_tag","embeddable":true,"href":"https:\/\/www.evafm.net\/sitio\/wp-json\/wp\/v2\/tags?post=86458"}],"curies":[{"name":"wp","href":"https:\/\/api.w.org\/{rel}","templated":true}]}}