{"id":86471,"date":"2025-02-05T16:12:18","date_gmt":"2025-02-05T21:12:18","guid":{"rendered":"https:\/\/www.evafm.net\/sitio\/?p=86471"},"modified":"2025-02-05T16:12:18","modified_gmt":"2025-02-05T21:12:18","slug":"gala-de-los-premios-pro-aqui-los-ganadores-de-la-temporada-2024","status":"publish","type":"post","link":"https:\/\/www.evafm.net\/sitio\/gala-de-los-premios-pro-aqui-los-ganadores-de-la-temporada-2024\/","title":{"rendered":"Gala de los premios PRO aqui los ganadores de la temporada 2024"},"content":{"rendered":"<p><strong>Este martes 4 de febrero<\/strong> se llev\u00f3 a cabo <strong>\u00abEl Pro\u00bb,<\/strong> evento organizado por<strong> LigaPro<\/strong> y donde se reconoci\u00f3 a lo mejor de la temporada <strong>2024.<\/strong><\/p>\n<p>El atacante paraguayo \u00c1lex Arce se llev\u00f3 el principal premio de la noche <strong>(El Pro)<\/strong> como mejor jugador de la <strong>LigaPro 2024<\/strong>, mientras otros<\/p>\n<p>jugadores de LDU como:<\/p>\n<p>Ricardo Ad\u00e9, Leonel Qui\u00f1\u00f3nez y Alexander Dom\u00ednguez tambi\u00e9n fueron galardonados en esta ceremonia que realiz\u00f3 en la<strong> ciudad de Quito. (D)<\/strong><\/p>\n<p>&nbsp;<\/p>\n<p><strong>A continuaci\u00f3n, todos los ganadores de esta nueva edici\u00f3n de El Pro:<\/strong><\/p>\n<p><strong>MEJOR ARQUERO:<\/strong>\u00a0Alexander Dom\u00ednguez<br \/>\n<strong>MEJOR DEFENSA CENTRAL:<\/strong>\u00a0Ricardo Ad\u00e9<br \/>\n<strong>MEJOR LATERAL DERECHO:<\/strong>\u00a0Pedro Pablo Velasco<br \/>\n<strong>MEJOR LATERAL IZQUIERDO:<\/strong>\u00a0Leonel Qui\u00f1\u00f3nez<br \/>\n<strong>MEJOR VOLANTE DEFENSIVO:<\/strong>\u00a0Ezequiel Piovi<br \/>\n<strong>MEJOR VOLANTE OFENSIVO:<\/strong>\u00a0Diego Armas<br \/>\n<strong>MEJOR DELANTERO:<\/strong>\u00a0Alex Arce<\/p>\n<p>&nbsp;<\/p>\n<p><strong>EL JUGADOR REVELACI\u00d3N:<\/strong>\u00a0Kenny Arroyo<\/p>\n<p><strong>EL MEJOR DT:<\/strong>\u00a0Pablo S\u00e1nchez<\/p>\n<p>&nbsp;<\/p>\n<p><strong>Adem\u00e1s se premio a:<\/strong><\/p>\n<p><em><strong>Mejor DT ecuatoriano:<\/strong> Juan Carlos Le\u00f3n (Libertad)<\/em><br \/>\n<em><strong>Mejor jugada de la temporada 2024:<\/strong> Lisandro Alzugaray (LDU)<\/em><br \/>\n<em>Mejor gol de la temporada 2024: <strong>Fidel Mart\u00ednez (El Nacional)<\/strong><\/em><br \/>\n<em><strong>Mejor mascota:<\/strong> Bananerito (Orense)<\/em><br \/>\n<em><strong>Mejor celebraci\u00f3n:<\/strong> Jos\u00e9 Quintero (LDU)<\/em><\/p>\n<p>&nbsp;<\/p>\n<p><strong>EL 11 Ideal 2024:<\/strong><\/p>\n<p><em>Alexander Dom\u00ednguez<\/em><br \/>\n<em>Pedro Pablo Velasco<\/em><br \/>\n<em>Ricardo Ad\u00e9<\/em><br \/>\n<em>Luis Fernando Le\u00f3n<\/em><br \/>\n<em>Leonel Qui\u00f1onez<\/em><br \/>\n<em>Ezequiel Piovi<\/em><br \/>\n<em>Diego Armas<\/em><br \/>\n<em>Janner Corozo<\/em><br \/>\n<em>Kendry P\u00e1ez<\/em><br \/>\n<em>Alex Arce<\/em><br \/>\n<em>Jeison Medina<\/em><\/p>\n<p><strong>DT:<\/strong>\u00a0Pablo S\u00e1nchez<\/p>\n<p>&nbsp;<\/p>\n<p><strong>Fuente: <\/strong>evafm.net &#8211; studiofutbol.com.ec<\/p>\n<div class=\"gsp_post_data\" \r\n\t            data-post_type=\"post\" \r\n\t            data-cat=\"deportes-ecuador\" \r\n\t            data-modified=\"120\"\r\n\t            data-created=\"1738771938\"\r\n\t            data-title=\"Gala de los premios PRO aqui los ganadores de la temporada 2024\" \r\n\t            data-home=\"https:\/\/www.evafm.net\/sitio\"><\/div>","protected":false},"excerpt":{"rendered":"<p>Este martes 4 de febrero se llev\u00f3 a cabo \u00abEl Pro\u00bb, evento organizado por LigaPro y donde se reconoci\u00f3 a lo mejor de la temporada 2024. El atacante paraguayo \u00c1lex Arce se llev\u00f3 el principal premio de la noche (El Pro) como mejor jugador de la LigaPro 2024, mientras otros jugadores de LDU como: Ricardo&#8230;<\/p>\n","protected":false},"author":5,"featured_media":86472,"comment_status":"closed","ping_status":"open","sticky":false,"template":"","format":"standard","meta":{"_joinchat":[],"footnotes":""},"categories":[1557],"tags":[],"class_list":["post-86471","post","type-post","status-publish","format-standard","has-post-thumbnail","hentry","category-deportes-ecuador","have-post-thumb"],"_links":{"self":[{"href":"https:\/\/www.evafm.net\/sitio\/wp-json\/wp\/v2\/posts\/86471","targetHints":{"allow":["GET"]}}],"collection":[{"href":"https:\/\/www.evafm.net\/sitio\/wp-json\/wp\/v2\/posts"}],"about":[{"href":"https:\/\/www.evafm.net\/sitio\/wp-json\/wp\/v2\/types\/post"}],"author":[{"embeddable":true,"href":"https:\/\/www.evafm.net\/sitio\/wp-json\/wp\/v2\/users\/5"}],"replies":[{"embeddable":true,"href":"https:\/\/www.evafm.net\/sitio\/wp-json\/wp\/v2\/comments?post=86471"}],"version-history":[{"count":1,"href":"https:\/\/www.evafm.net\/sitio\/wp-json\/wp\/v2\/posts\/86471\/revisions"}],"predecessor-version":[{"id":86473,"href":"https:\/\/www.evafm.net\/sitio\/wp-json\/wp\/v2\/posts\/86471\/revisions\/86473"}],"wp:featuredmedia":[{"embeddable":true,"href":"https:\/\/www.evafm.net\/sitio\/wp-json\/wp\/v2\/media\/86472"}],"wp:attachment":[{"href":"https:\/\/www.evafm.net\/sitio\/wp-json\/wp\/v2\/media?parent=86471"}],"wp:term":[{"taxonomy":"category","embeddable":true,"href":"https:\/\/www.evafm.net\/sitio\/wp-json\/wp\/v2\/categories?post=86471"},{"taxonomy":"post_tag","embeddable":true,"href":"https:\/\/www.evafm.net\/sitio\/wp-json\/wp\/v2\/tags?post=86471"}],"curies":[{"name":"wp","href":"https:\/\/api.w.org\/{rel}","templated":true}]}}