{"id":86474,"date":"2025-02-05T16:27:15","date_gmt":"2025-02-05T21:27:15","guid":{"rendered":"https:\/\/www.evafm.net\/sitio\/?p=86474"},"modified":"2025-02-05T16:27:15","modified_gmt":"2025-02-05T21:27:15","slug":"noche-amarilla-en-quito","status":"publish","type":"post","link":"https:\/\/www.evafm.net\/sitio\/noche-amarilla-en-quito\/","title":{"rendered":"Noche Amarilla en Quito"},"content":{"rendered":"<p><strong>La Noche Amarilla en Quito<\/strong> tendr\u00e1 una baja importante en cancha.<strong> Felipe Caicedo,<\/strong> quien se esperaba que formara parte del<strong> evento, no jugar\u00e1 <\/strong><\/p>\n<p>en el partido ante Deportivo Quito, aunque s\u00ed viajar\u00e1 a la capital ecuatoriana para asistir a la <strong>Cena Amarilla.<\/strong><\/p>\n<p>La informaci\u00f3n fue revelada por los periodistas Christian Carrasco y Eduardo Erazo, quienes detallaron que el ex delantero de la<\/p>\n<p>selecci\u00f3n ecuatoriana ser\u00e1 parte de las actividades previas, pero no se vestir\u00e1 de corto para el encuentro en el <strong>Estadio Ol\u00edmpico Atahualpa.<\/strong><\/p>\n<p>&nbsp;<\/p>\n<p>Esto es debido a que el jugador sufri\u00f3 de una molestia en el aductor en el Cl\u00e1sico del Astillero de la Noche Amarilla y ayer hizo trabajos<\/p>\n<p>diferenciados para aliviar la zona.<\/p>\n<p>&nbsp;<\/p>\n<p>A pesar de esta ausencia en el campo de juego, la expectativa sigue alta para la fiesta amarilla en la capital, que contar\u00e1 con la presencia de otras<\/p>\n<p>figuras invitadas y la ilusi\u00f3n de los hinchas canarios. <strong>(D)<\/strong><\/p>\n<p>&nbsp;<\/p>\n<blockquote class=\"twitter-tweet\" data-width=\"550\" data-dnt=\"true\">\n<p lang=\"es\" dir=\"ltr\">\u26bd\ufe0f\ud83d\udfe1 \u00a1FELIPE CAICEDO NO JUGAR\u00c1 LA NOCHE AMARILLA EN QUITO!<a href=\"https:\/\/twitter.com\/ccarrasco750?ref_src=twsrc%5Etfw\">@ccarrasco750<\/a> nos cuenta m\u00e1s detalles de la Noche Amarilla de ma\u00f1ana en la capital de los ecuatorianos, y <a href=\"https:\/\/twitter.com\/eduardoerazov?ref_src=twsrc%5Etfw\">@eduardoerazov<\/a> complementa que s\u00ed viajar\u00e1 por el tema de la cena amarilla pero no jugar\u00e1 ante el Deportivo Quito. <a href=\"https:\/\/t.co\/RtMT6cRueA\">pic.twitter.com\/RtMT6cRueA<\/a><\/p>\n<p>&mdash; DeUnaSF (@DeUnaSF) <a href=\"https:\/\/twitter.com\/DeUnaSF\/status\/1887168488101278114?ref_src=twsrc%5Etfw\">February 5, 2025<\/a><\/p><\/blockquote>\n<p><script async src=\"https:\/\/platform.twitter.com\/widgets.js\" charset=\"utf-8\"><\/script><\/p>\n<p>&nbsp;<\/p>\n<p>Fuente: evafm.net &#8211; studiofutbol.com.ec<\/p>\n<div class=\"gsp_post_data\" \r\n\t            data-post_type=\"post\" \r\n\t            data-cat=\"deportes-ecuador\" \r\n\t            data-modified=\"120\"\r\n\t            data-created=\"1738772835\"\r\n\t            data-title=\"Noche Amarilla en Quito\" \r\n\t            data-home=\"https:\/\/www.evafm.net\/sitio\"><\/div>","protected":false},"excerpt":{"rendered":"<p>La Noche Amarilla en Quito tendr\u00e1 una baja importante en cancha. Felipe Caicedo, quien se esperaba que formara parte del evento, no jugar\u00e1 en el partido ante Deportivo Quito, aunque s\u00ed viajar\u00e1 a la capital ecuatoriana para asistir a la Cena Amarilla. La informaci\u00f3n fue revelada por los periodistas Christian Carrasco y Eduardo Erazo, quienes&#8230;<\/p>\n","protected":false},"author":5,"featured_media":86475,"comment_status":"closed","ping_status":"open","sticky":false,"template":"","format":"standard","meta":{"_joinchat":[],"footnotes":""},"categories":[1557],"tags":[],"class_list":["post-86474","post","type-post","status-publish","format-standard","has-post-thumbnail","hentry","category-deportes-ecuador","have-post-thumb"],"_links":{"self":[{"href":"https:\/\/www.evafm.net\/sitio\/wp-json\/wp\/v2\/posts\/86474","targetHints":{"allow":["GET"]}}],"collection":[{"href":"https:\/\/www.evafm.net\/sitio\/wp-json\/wp\/v2\/posts"}],"about":[{"href":"https:\/\/www.evafm.net\/sitio\/wp-json\/wp\/v2\/types\/post"}],"author":[{"embeddable":true,"href":"https:\/\/www.evafm.net\/sitio\/wp-json\/wp\/v2\/users\/5"}],"replies":[{"embeddable":true,"href":"https:\/\/www.evafm.net\/sitio\/wp-json\/wp\/v2\/comments?post=86474"}],"version-history":[{"count":1,"href":"https:\/\/www.evafm.net\/sitio\/wp-json\/wp\/v2\/posts\/86474\/revisions"}],"predecessor-version":[{"id":86476,"href":"https:\/\/www.evafm.net\/sitio\/wp-json\/wp\/v2\/posts\/86474\/revisions\/86476"}],"wp:featuredmedia":[{"embeddable":true,"href":"https:\/\/www.evafm.net\/sitio\/wp-json\/wp\/v2\/media\/86475"}],"wp:attachment":[{"href":"https:\/\/www.evafm.net\/sitio\/wp-json\/wp\/v2\/media?parent=86474"}],"wp:term":[{"taxonomy":"category","embeddable":true,"href":"https:\/\/www.evafm.net\/sitio\/wp-json\/wp\/v2\/categories?post=86474"},{"taxonomy":"post_tag","embeddable":true,"href":"https:\/\/www.evafm.net\/sitio\/wp-json\/wp\/v2\/tags?post=86474"}],"curies":[{"name":"wp","href":"https:\/\/api.w.org\/{rel}","templated":true}]}}