{"id":86478,"date":"2025-02-05T16:37:56","date_gmt":"2025-02-05T21:37:56","guid":{"rendered":"https:\/\/www.evafm.net\/sitio\/?p=86478"},"modified":"2025-02-05T16:37:56","modified_gmt":"2025-02-05T21:37:56","slug":"david-trezeguet-llego-a-quito-para-la-noche-amarilla","status":"publish","type":"post","link":"https:\/\/www.evafm.net\/sitio\/david-trezeguet-llego-a-quito-para-la-noche-amarilla\/","title":{"rendered":"David Trezeguet lleg\u00f3 a Quito para la Noche Amarilla"},"content":{"rendered":"<p><strong>\u00a1Otro campe\u00f3n del mundo se pondr\u00e1 la camiseta de Barcelona Sporting Club!<\/strong>\u00a0Tras el buen rendimiento de <strong>Carles Puyol<\/strong> en el rato que estuvo frente a<strong> Emelec.<\/strong><\/p>\n<p><a title=\"cuando volvi\u00f3 a jugar tras 11 a\u00f1os\" href=\"https:\/\/www.ole.com.ar\/ecuador\/barcelona-sc\/carles-puyol-noche-amarilla-espanol-jugo-barcelona-emelec-clasico-astillero_0_JiwIKoxdcC.html\" target=\"_blank\" rel=\"noopener\">cuando volvi\u00f3 a jugar tras 11 a\u00f1os<\/a>, este jueves ser\u00e1 el turno de\u00a0<strong>David Trezeguet<\/strong>: estar\u00e1 en la\u00a0<a title=\"Noche Amarilla en Quito\" href=\"https:\/\/www.ole.com.ar\/ecuador\/liga-pro\/barcelona-noche-amarilla-quito-venta-entradas-fisicas-enlinea-valores-precios-comprarlas_0_TKG1kycShU.html\" target=\"_blank\" rel=\"noopener\">Noche Amarilla en Quito<\/a>.<\/p>\n<p>El franco-argentino lleg\u00f3 a la capital del pa\u00eds y j<strong>ugar\u00e1 ante Deportivo Quito en el Estadio Ol\u00edmpico Atahualpa.<\/strong><\/p>\n<p>&nbsp;<\/p>\n<p><strong>\u00ab\u00a1Hola, soy David Trezeguet! Finalmente estoy en Quito para la presentaci\u00f3n del d\u00eda 6 con Barcelona. <\/strong><\/p>\n<p><strong>As\u00ed que esperamos un p\u00fablico muy presente y a disfrutar que sea una fiesta. Un saludo enorme<\/strong>\u00bb<\/p>\n<p>dijo el legendario delantero, en un video que compartieron los Toreros en sus redes sociales.<\/p>\n<p>&nbsp;<\/p>\n<div class=\"custom-text \">\n<p>Con apenas 20 a\u00f1os, <strong>Trezeguet fue parte del plantel de la selecci\u00f3n de Francia en el Mundial 1998.<\/strong><\/p>\n<p>En esa Copa del Mundo, en la que brill\u00f3 Zinedine Zidane, el delantero jug\u00f3 seis partidos y marc\u00f3 un gol:<\/p>\n<p>fue ante Arabia Saudita, por la fase de grupos.<\/p>\n<\/div>\n<div class=\"custom-text \">\n<p>&nbsp;<\/p>\n<p>Adem\u00e1s, el nacido en Ruan, pero que se inici\u00f3 en el f\u00fatbol argentino (debut\u00f3 en Platense), e<strong>s recordado por el gol de oro que hizo en la final de la <\/strong><\/p>\n<p><strong>Eurocopa 2000<\/strong>.<\/p>\n<p>En el cotejo definitorio frente a Italia, marc\u00f3 al minuto 103 y le dio el t\u00edtulo a Les Bleus en Pa\u00edses Bajos.<\/p>\n<\/div>\n<div class=\"custom-text \">\n<p>A lo largo de su carrera, Trezeguet visti\u00f3 las camisetas de\u00a0<strong>Monaco, Juventus, H\u00e9rcules, Baniyas, River Plate, Newell&#8217;s Old Boys y Pune City.<\/strong><\/p>\n<p>En 2015, tras un breve paso por el f\u00fatbol de India, el atacante se retir\u00f3.<\/p>\n<p>Desde entonces ocup\u00f3 distintos cargos dirigenciales, principalmente en Juventus, y tambi\u00e9n integr\u00f3 el equipo de leyendas de la <strong>Vecchia Signora. (D)<\/strong><\/p>\n<\/div>\n<p>&nbsp;<\/p>\n<p>&nbsp;<\/p>\n<blockquote class=\"twitter-tweet\" data-width=\"550\" data-dnt=\"true\">\n<p lang=\"es\" dir=\"ltr\">\ud83c\uddeb\ud83c\uddf7\ud83d\udfe1 \u00a1El Rey David ya est\u00e1 listo para ponerse la camiseta de Barcelona!<\/p>\n<p>Trezeguet lleg\u00f3 a Quito y el jueves estar\u00e1 en la Noche Amarilla en la capital. <\/p>\n<p>\ud83d\udcf9 <a href=\"https:\/\/twitter.com\/BarcelonaSC?ref_src=twsrc%5Etfw\">@BarcelonaSC<\/a> <a href=\"https:\/\/t.co\/TvRDETzsMU\">pic.twitter.com\/TvRDETzsMU<\/a><\/p>\n<p>&mdash; Diario Ol\u00e9 Ecuador (@DiarioOleEc) <a href=\"https:\/\/twitter.com\/DiarioOleEc\/status\/1886905633569444180?ref_src=twsrc%5Etfw\">February 4, 2025<\/a><\/p><\/blockquote>\n<p><script async src=\"https:\/\/platform.twitter.com\/widgets.js\" charset=\"utf-8\"><\/script><\/p>\n<p>&nbsp;<\/p>\n<p><strong>Fuente:<\/strong> evafm.net &#8211; ole.com.ar<\/p>\n<div class=\"gsp_post_data\" \r\n\t            data-post_type=\"post\" \r\n\t            data-cat=\"deportes-ecuador\" \r\n\t            data-modified=\"120\"\r\n\t            data-created=\"1738773476\"\r\n\t            data-title=\"David Trezeguet lleg\u00f3 a Quito para la Noche Amarilla\" \r\n\t            data-home=\"https:\/\/www.evafm.net\/sitio\"><\/div>","protected":false},"excerpt":{"rendered":"<p>\u00a1Otro campe\u00f3n del mundo se pondr\u00e1 la camiseta de Barcelona Sporting Club!\u00a0Tras el buen rendimiento de Carles Puyol en el rato que estuvo frente a Emelec. cuando volvi\u00f3 a jugar tras 11 a\u00f1os, este jueves ser\u00e1 el turno de\u00a0David Trezeguet: estar\u00e1 en la\u00a0Noche Amarilla en Quito. El franco-argentino lleg\u00f3 a la capital del pa\u00eds y&#8230;<\/p>\n","protected":false},"author":5,"featured_media":86479,"comment_status":"closed","ping_status":"open","sticky":false,"template":"","format":"standard","meta":{"_joinchat":[],"footnotes":""},"categories":[1557],"tags":[],"class_list":["post-86478","post","type-post","status-publish","format-standard","has-post-thumbnail","hentry","category-deportes-ecuador","have-post-thumb"],"_links":{"self":[{"href":"https:\/\/www.evafm.net\/sitio\/wp-json\/wp\/v2\/posts\/86478","targetHints":{"allow":["GET"]}}],"collection":[{"href":"https:\/\/www.evafm.net\/sitio\/wp-json\/wp\/v2\/posts"}],"about":[{"href":"https:\/\/www.evafm.net\/sitio\/wp-json\/wp\/v2\/types\/post"}],"author":[{"embeddable":true,"href":"https:\/\/www.evafm.net\/sitio\/wp-json\/wp\/v2\/users\/5"}],"replies":[{"embeddable":true,"href":"https:\/\/www.evafm.net\/sitio\/wp-json\/wp\/v2\/comments?post=86478"}],"version-history":[{"count":1,"href":"https:\/\/www.evafm.net\/sitio\/wp-json\/wp\/v2\/posts\/86478\/revisions"}],"predecessor-version":[{"id":86480,"href":"https:\/\/www.evafm.net\/sitio\/wp-json\/wp\/v2\/posts\/86478\/revisions\/86480"}],"wp:featuredmedia":[{"embeddable":true,"href":"https:\/\/www.evafm.net\/sitio\/wp-json\/wp\/v2\/media\/86479"}],"wp:attachment":[{"href":"https:\/\/www.evafm.net\/sitio\/wp-json\/wp\/v2\/media?parent=86478"}],"wp:term":[{"taxonomy":"category","embeddable":true,"href":"https:\/\/www.evafm.net\/sitio\/wp-json\/wp\/v2\/categories?post=86478"},{"taxonomy":"post_tag","embeddable":true,"href":"https:\/\/www.evafm.net\/sitio\/wp-json\/wp\/v2\/tags?post=86478"}],"curies":[{"name":"wp","href":"https:\/\/api.w.org\/{rel}","templated":true}]}}