{"id":86482,"date":"2025-02-05T16:50:03","date_gmt":"2025-02-05T21:50:03","guid":{"rendered":"https:\/\/www.evafm.net\/sitio\/?p=86482"},"modified":"2025-02-05T16:50:03","modified_gmt":"2025-02-05T21:50:03","slug":"invitado-internacional-en-la-explosion-azul","status":"publish","type":"post","link":"https:\/\/www.evafm.net\/sitio\/invitado-internacional-en-la-explosion-azul\/","title":{"rendered":"Invitado internacional en la Explosi\u00f3n Azul"},"content":{"rendered":"<p><strong>La Explosi\u00f3n Azul<\/strong> de este a\u00f1o, que se llevar\u00e1 a cabo en el estadio <strong>George Capwell,<\/strong> promete ser un evento lleno de sorpresas y emoci\u00f3n no solo.<\/p>\n<p>para los amantes del f\u00fatbol sino tambi\u00e9n para los seguidores de la m\u00fasica urbana.<\/p>\n<p>&nbsp;<\/p>\n<p>Seg\u00fan informaci\u00f3n de <strong>Javier Ruiz, en De Una, havoline Deportivo<\/strong> <strong>StudioF\u00fatbol<\/strong> y <strong>Zapping Sports,<\/strong> se pudo\u00a0 conocer que\u00a0 podr\u00eda existir un<\/p>\n<p>invitado sorpresa que se a\u00f1adir\u00e1 al ya confirmado d\u00fao de artistas ecuatorianos <strong>Jombriel y Waldokinc.<\/strong><\/p>\n<p>Y se rumora que ser\u00eda\u00a0 el cantante colombiano <strong>Ryan Castro.<\/strong><\/p>\n<p>&nbsp;<\/p>\n<p>La Explosi\u00f3n Azul, un evento anual que marca el inicio de la temporada del Club Sport Emelec, se ha destacado por fusionar el deporte con la m\u00fasica<\/p>\n<p>ofreciendo a los asistentes un espect\u00e1culo integral.<\/p>\n<p>Este a\u00f1o, la expectativa se ha elevado con la confirmaci\u00f3n de Jombriel, conocido por su viral hit &#8216;Parte y Choke&#8217;, y Waldokinc &#8216;El Troyano&#8217;, un nombre<\/p>\n<p>consolidado en el reguet\u00f3n ecuatoriano. <strong>(D)<\/strong><\/p>\n<p>&nbsp;<\/p>\n<p><strong>Fuente: <\/strong>evafm.net &#8211; studiofutbol.com.ec<\/p>\n<div class=\"gsp_post_data\" \r\n\t            data-post_type=\"post\" \r\n\t            data-cat=\"deportes-ecuador\" \r\n\t            data-modified=\"120\"\r\n\t            data-created=\"1738774203\"\r\n\t            data-title=\"Invitado internacional en la Explosi\u00f3n Azul\" \r\n\t            data-home=\"https:\/\/www.evafm.net\/sitio\"><\/div>","protected":false},"excerpt":{"rendered":"<p>La Explosi\u00f3n Azul de este a\u00f1o, que se llevar\u00e1 a cabo en el estadio George Capwell, promete ser un evento lleno de sorpresas y emoci\u00f3n no solo. para los amantes del f\u00fatbol sino tambi\u00e9n para los seguidores de la m\u00fasica urbana. &nbsp; Seg\u00fan informaci\u00f3n de Javier Ruiz, en De Una, havoline Deportivo StudioF\u00fatbol y Zapping&#8230;<\/p>\n","protected":false},"author":5,"featured_media":86483,"comment_status":"closed","ping_status":"open","sticky":false,"template":"","format":"standard","meta":{"_joinchat":[],"footnotes":""},"categories":[1557],"tags":[],"class_list":["post-86482","post","type-post","status-publish","format-standard","has-post-thumbnail","hentry","category-deportes-ecuador","have-post-thumb"],"_links":{"self":[{"href":"https:\/\/www.evafm.net\/sitio\/wp-json\/wp\/v2\/posts\/86482","targetHints":{"allow":["GET"]}}],"collection":[{"href":"https:\/\/www.evafm.net\/sitio\/wp-json\/wp\/v2\/posts"}],"about":[{"href":"https:\/\/www.evafm.net\/sitio\/wp-json\/wp\/v2\/types\/post"}],"author":[{"embeddable":true,"href":"https:\/\/www.evafm.net\/sitio\/wp-json\/wp\/v2\/users\/5"}],"replies":[{"embeddable":true,"href":"https:\/\/www.evafm.net\/sitio\/wp-json\/wp\/v2\/comments?post=86482"}],"version-history":[{"count":1,"href":"https:\/\/www.evafm.net\/sitio\/wp-json\/wp\/v2\/posts\/86482\/revisions"}],"predecessor-version":[{"id":86484,"href":"https:\/\/www.evafm.net\/sitio\/wp-json\/wp\/v2\/posts\/86482\/revisions\/86484"}],"wp:featuredmedia":[{"embeddable":true,"href":"https:\/\/www.evafm.net\/sitio\/wp-json\/wp\/v2\/media\/86483"}],"wp:attachment":[{"href":"https:\/\/www.evafm.net\/sitio\/wp-json\/wp\/v2\/media?parent=86482"}],"wp:term":[{"taxonomy":"category","embeddable":true,"href":"https:\/\/www.evafm.net\/sitio\/wp-json\/wp\/v2\/categories?post=86482"},{"taxonomy":"post_tag","embeddable":true,"href":"https:\/\/www.evafm.net\/sitio\/wp-json\/wp\/v2\/tags?post=86482"}],"curies":[{"name":"wp","href":"https:\/\/api.w.org\/{rel}","templated":true}]}}