{"id":86939,"date":"2025-02-23T12:25:04","date_gmt":"2025-02-23T17:25:04","guid":{"rendered":"https:\/\/www.evafm.net\/sitio\/?p=86939"},"modified":"2025-02-23T12:25:04","modified_gmt":"2025-02-23T17:25:04","slug":"el-papa-francisco-fue-hospitalizado-y-su-pronostico-es-reservado","status":"publish","type":"post","link":"https:\/\/www.evafm.net\/sitio\/el-papa-francisco-fue-hospitalizado-y-su-pronostico-es-reservado\/","title":{"rendered":"El papa Francisco fue hospitalizado y su pronostico es reservado"},"content":{"rendered":"<p>El\u00a0<b><a href=\"https:\/\/www.ecuavisa.com\/metadatos\/-\/meta\/papa-francisco\" target=\"_blank\" rel=\"noopener noreferrer\">Papa Francisco<\/a><\/b>, hospitalizado en el hospital Gemelli, permanece en estado<strong> \u00abcr\u00edtico\u00bb<\/strong> tras sufrir este s\u00e1bado una crisis respiratoria por lo que se le tuvo que<\/p>\n<p><b>suministrar ox\u00edgeno<\/b>.<\/p>\n<p>Presenta\u00a0<b>trombocitopenia<\/b>\u00a0debido a una anemia que requiri\u00f3 transfusiones de sangre, seg\u00fan el \u00faltimo parte m\u00e9dico.<\/p>\n<p>&nbsp;<\/p>\n<p>En su cuenta de X, el Sumo Pont\u00edfice agradeci\u00f3 por el cari\u00f1o de la gente, este <strong>domingo 23 de febrero de 2025.<\/strong><\/p>\n<p>\u00abEn estos d\u00edas me han llegado muchos mensajes de afecto y me han impresionado especialmente las cartas y dibujos de los ni\u00f1os.<\/p>\n<p><strong>\u00a1Gracias por esta cercan\u00eda y por las oraciones de confortaci\u00f3n que he recibido de todo el mundo!\u00bb.<\/strong><\/p>\n<div id=\"sunmedia-div\"><\/div>\n<p>Seg\u00fan se explic\u00f3 ayer, el papa no est\u00e1 fuera de peligro.<\/p>\n<p>Esta ma\u00f1ana el\u00a0<b>Papa Francisco<\/b>\u00a0present\u00f3 una\u00a0<b>crisis respiratoria<\/b>\u00a0asm\u00e1tica prolongada, que requiri\u00f3 tambi\u00e9n la aplicaci\u00f3n de ox\u00edgeno de alto flujo\u00bb, se lee<\/p>\n<p>en el comunicado difundido por el Vaticano.<\/p>\n<p>&nbsp;<\/p>\n<p>A\u00f1ade que \u00ablos an\u00e1lisis de sangre realizados hoy tambi\u00e9n revelaron trombocitopenia (<b>plaquetas en sangre en cantidad inferior al normal<\/b>)<\/p>\n<p>asociada a anemia, que requiri\u00f3 la administraci\u00f3n de transfusiones de sangre\u00bb.<\/p>\n<p>&nbsp;<\/p>\n<p>Francisco<strong> \u00abha pasado el d\u00eda sentado en el sill\u00f3n\u00bb aunque con m\u00e1s molestias que ayer\u00bb,<\/strong> a\u00f1adi\u00f3 la nota.<\/p>\n<p><strong>\u00abPor el momento el pron\u00f3stico es reservado\u00bb,<\/strong> continu\u00f3 el parte m\u00e9dico de este s\u00e1bado.<\/p>\n<p>&nbsp;<\/p>\n<p>El papa seguir\u00e1 en el hospital al menos toda la semana que viene hasta que est\u00e9 curado de su\u00a0<b>neumon\u00eda bilateral<\/b>\u00a0y pueda continuar el tratamiento<\/p>\n<p>en su residencia en Santa Marta pero \u00abse necesitar\u00e1 tiempo\u00bb, asegur\u00f3 este viernes en una rueda de prensa el doctor Sergio Alfieri, responsable de<\/p>\n<p><b>Cirug\u00eda del hospital Gemelli de Roma\u00a0<\/b>y que oper\u00f3 a Francisco en las anteriores ocasiones.<\/p>\n<p>&nbsp;<\/p>\n<p>El pont\u00edfice, de 88 a\u00f1os, fue ingresado el viernes de la pasada semana en el\u00a0<b>hospital Gemelli de Roma\u00a0<\/b>por sus problemas respiratorios, que resultaron<\/p>\n<p>deberse a una bronquitis por\u00a0<b>infecci\u00f3n polimicrobiol\u00f3gica<\/b>\u00a0a la que se sum\u00f3 una neumon\u00eda bilateral.<\/p>\n<p>&nbsp;<\/p>\n<p>Los m\u00e9dicos explicaron que el papa lleg\u00f3 con el\u00a0<b>problema de la infecci\u00f3n\u00a0<\/b>y que s\u00f3lo algunos d\u00edas despu\u00e9s surgi\u00f3 la\u00a0<b>neumon\u00eda bilateral.<\/b><\/p>\n<p>Este domingo solo se difundir\u00e1 el\u00a0<b>texto del \u00e1ngelus<\/b>\u00a0como la semana pasada para que el papa\u00a0<b>pueda descansar<\/b>.<\/p>\n<p>&nbsp;<\/p>\n<p><strong>La Conferencia Episcopal Ecuatoriana, preocupada por el estado del Papa.<\/strong><\/p>\n<p>La Conferencia Episcopal Ecuatoriana inform\u00f3 en un comunicado que las noticias que llegaron desde Roma, sobre la\u00a0<b>salud del Papa<\/b>, les\u00a0<b>preocupan<\/b><\/p>\n<p><b> \u00abprofundamente\u00bb<\/b>.<\/p>\n<p>Por ello, insistieron en elevar oraciones para pedir por \u00e9l, especialmente durante las misas del\u00a0<b>domingo, 23 de febrero<\/b>.<\/p>\n<p><strong>\u00abPedimos que en todas las eucarist\u00edas dominicales se rece por la vida y el misterio del Papa Francisco\u00bb<\/strong><\/p>\n<p>&nbsp;<\/p>\n<p>Tambi\u00e9n\u00a0<b>compartieron la oraci\u00f3n<\/b>\u00a0que invitan a los fieles a rezar:<\/p>\n<p><strong><i>Se\u00f1or, te pedimos por el Papa Francisco, a quien t\u00fa elegiste como sucesor de Pedro y pastor de tu Iglesia. <\/i><\/strong><\/p>\n<p><strong><i>Cuida su salud, fortalece su esp\u00edritu, que tu misericordia le proteja y le conforte. <\/i><\/strong><\/p>\n<p><strong><i>Que todos nos mantengamos en comuni\u00f3n con \u00e9l por el v\u00ednculo de la unidad, el amor y la paz. <\/i><\/strong><\/p>\n<p><strong><i>Que encuentre en Mar\u00eda amparo y protecci\u00f3n. Am\u00e9n<\/i><\/strong><\/p>\n<p>&nbsp;<\/p>\n<p><strong>El Obelisco de Buenos Aires se ilumina en apoyo al papa Francisco.<\/strong><\/p>\n<p>En Buenos Aires, Argentina, el ic\u00f3nico Obelisco se ilumin\u00f3 con la imagen del papa y el mensaje \u00abFrancisco, la ciudad reza por vos\u00bb.<\/p>\n<p>Se trat\u00f3 de una iniciativa del gobierno de la ciudad de Buenos Aires como apoyo al sumo pont\u00edfice. <strong>(I)<\/strong><\/p>\n<p>&nbsp;<\/p>\n<p><strong>Fuente:<\/strong> evafm.net &#8211; infobae.com<\/p>\n<p>&nbsp;<\/p>\n<div class=\"gsp_post_data\" \r\n\t            data-post_type=\"post\" \r\n\t            data-cat=\"general,noticias-internacionales\" \r\n\t            data-modified=\"120\"\r\n\t            data-created=\"1740313504\"\r\n\t            data-title=\"El papa Francisco fue hospitalizado y su pronostico es reservado\" \r\n\t            data-home=\"https:\/\/www.evafm.net\/sitio\"><\/div>","protected":false},"excerpt":{"rendered":"<p>El\u00a0Papa Francisco, hospitalizado en el hospital Gemelli, permanece en estado \u00abcr\u00edtico\u00bb tras sufrir este s\u00e1bado una crisis respiratoria por lo que se le tuvo que suministrar ox\u00edgeno. Presenta\u00a0trombocitopenia\u00a0debido a una anemia que requiri\u00f3 transfusiones de sangre, seg\u00fan el \u00faltimo parte m\u00e9dico. &nbsp; En su cuenta de X, el Sumo Pont\u00edfice agradeci\u00f3 por el cari\u00f1o de&#8230;<\/p>\n","protected":false},"author":5,"featured_media":86944,"comment_status":"closed","ping_status":"open","sticky":false,"template":"","format":"standard","meta":{"_joinchat":[],"footnotes":""},"categories":[1720,1345],"tags":[],"class_list":["post-86939","post","type-post","status-publish","format-standard","has-post-thumbnail","hentry","category-general","category-noticias-internacionales","have-post-thumb"],"_links":{"self":[{"href":"https:\/\/www.evafm.net\/sitio\/wp-json\/wp\/v2\/posts\/86939","targetHints":{"allow":["GET"]}}],"collection":[{"href":"https:\/\/www.evafm.net\/sitio\/wp-json\/wp\/v2\/posts"}],"about":[{"href":"https:\/\/www.evafm.net\/sitio\/wp-json\/wp\/v2\/types\/post"}],"author":[{"embeddable":true,"href":"https:\/\/www.evafm.net\/sitio\/wp-json\/wp\/v2\/users\/5"}],"replies":[{"embeddable":true,"href":"https:\/\/www.evafm.net\/sitio\/wp-json\/wp\/v2\/comments?post=86939"}],"version-history":[{"count":1,"href":"https:\/\/www.evafm.net\/sitio\/wp-json\/wp\/v2\/posts\/86939\/revisions"}],"predecessor-version":[{"id":86945,"href":"https:\/\/www.evafm.net\/sitio\/wp-json\/wp\/v2\/posts\/86939\/revisions\/86945"}],"wp:featuredmedia":[{"embeddable":true,"href":"https:\/\/www.evafm.net\/sitio\/wp-json\/wp\/v2\/media\/86944"}],"wp:attachment":[{"href":"https:\/\/www.evafm.net\/sitio\/wp-json\/wp\/v2\/media?parent=86939"}],"wp:term":[{"taxonomy":"category","embeddable":true,"href":"https:\/\/www.evafm.net\/sitio\/wp-json\/wp\/v2\/categories?post=86939"},{"taxonomy":"post_tag","embeddable":true,"href":"https:\/\/www.evafm.net\/sitio\/wp-json\/wp\/v2\/tags?post=86939"}],"curies":[{"name":"wp","href":"https:\/\/api.w.org\/{rel}","templated":true}]}}