{"id":86940,"date":"2025-02-23T12:27:25","date_gmt":"2025-02-23T17:27:25","guid":{"rendered":"https:\/\/www.evafm.net\/sitio\/?p=86940"},"modified":"2025-02-23T12:27:25","modified_gmt":"2025-02-23T17:27:25","slug":"independiente-y-liga-empataron-1-1-ligapro-2025","status":"publish","type":"post","link":"https:\/\/www.evafm.net\/sitio\/independiente-y-liga-empataron-1-1-ligapro-2025\/","title":{"rendered":"Independiente y Liga empataron 1 &#8211; 1 LigaPro 2025"},"content":{"rendered":"<p>Hola fan\u00e1ticos del espect\u00e1culo maravilloso el futbol en el evento conocido <strong>LigaPro 2025 Serie A Fecha 2 Fase Inicial.<\/strong><\/p>\n<p>se enfentaron <strong>C.A.R.E.I. del Valle vs L.D.U.Quito.<\/strong> en el estadio del sector<strong> de la Parroquia Amagua\u00f1a.<\/strong><\/p>\n<p>&nbsp;<\/p>\n<p>el encuentro se vio muy din\u00e1mico con ambos equipos buscando el arco rival acompa\u00f1ado con lluvia<\/p>\n<p>final del partido <strong>Los Rayados 1 Liga de Quito 1 .\u00a0<\/strong><\/p>\n<p>en la <strong>Fecha 3 Independiente del Valle<\/strong> recibir\u00e1 a Cat\u00f3lica el <strong>domingo 2 de marzo<\/strong> a las <strong>13:00<\/strong> en el estadio del sector<\/p>\n<p>de\u00a0<strong>Amagua\u00f1a.<\/strong><\/p>\n<p><strong>Liga de Quito<\/strong> recibir\u00e1 al <strong>Orense<\/strong> el <strong>sabado 1 de marzo<\/strong> a las<strong> 16:30<\/strong> en el estadio<strong> Rodrigo Paz Delgado. (D)<\/strong><\/p>\n<p>&nbsp;<\/p>\n<p><strong>Gol de Independiente.<\/strong><\/p>\n<p><strong>Michael Hoyos<\/strong> en el <strong>(minuto 22)<\/strong><\/p>\n<p>&nbsp;<\/p>\n<p><strong>Gol de Liga de Quito.<\/strong><\/p>\n<p><strong>Fernando Cornejo<\/strong> en el<strong> (minuto 62)<\/strong><\/p>\n<p>&nbsp;<\/p>\n<p><iframe title=\"Independiente del Valle 1 - 1 Liga de Quito \/ Fecha 2 \/ LigaPro Ecuabet conectada por Xtrim\" width=\"1200\" height=\"675\" src=\"https:\/\/www.youtube.com\/embed\/h4UwVJAg1BQ?feature=oembed\" frameborder=\"0\" allow=\"accelerometer; autoplay; clipboard-write; encrypted-media; gyroscope; picture-in-picture; web-share\" referrerpolicy=\"strict-origin-when-cross-origin\" allowfullscreen><\/iframe><\/p>\n<p>&nbsp;<\/p>\n<p><strong>Fuente:<\/strong> evafm.net &#8211; youtube.com<\/p>\n<div class=\"gsp_post_data\" \r\n\t            data-post_type=\"post\" \r\n\t            data-cat=\"deportes-ecuador,general\" \r\n\t            data-modified=\"120\"\r\n\t            data-created=\"1740313645\"\r\n\t            data-title=\"Independiente y Liga empataron 1 &#8211; 1 LigaPro 2025\" \r\n\t            data-home=\"https:\/\/www.evafm.net\/sitio\"><\/div>","protected":false},"excerpt":{"rendered":"<p>Hola fan\u00e1ticos del espect\u00e1culo maravilloso el futbol en el evento conocido LigaPro 2025 Serie A Fecha 2 Fase Inicial. se enfentaron C.A.R.E.I. del Valle vs L.D.U.Quito. en el estadio del sector de la Parroquia Amagua\u00f1a. &nbsp; el encuentro se vio muy din\u00e1mico con ambos equipos buscando el arco rival acompa\u00f1ado con lluvia final del partido&#8230;<\/p>\n","protected":false},"author":5,"featured_media":86946,"comment_status":"closed","ping_status":"open","sticky":false,"template":"","format":"standard","meta":{"_joinchat":[],"footnotes":""},"categories":[1557,1720],"tags":[],"class_list":["post-86940","post","type-post","status-publish","format-standard","has-post-thumbnail","hentry","category-deportes-ecuador","category-general","have-post-thumb"],"_links":{"self":[{"href":"https:\/\/www.evafm.net\/sitio\/wp-json\/wp\/v2\/posts\/86940","targetHints":{"allow":["GET"]}}],"collection":[{"href":"https:\/\/www.evafm.net\/sitio\/wp-json\/wp\/v2\/posts"}],"about":[{"href":"https:\/\/www.evafm.net\/sitio\/wp-json\/wp\/v2\/types\/post"}],"author":[{"embeddable":true,"href":"https:\/\/www.evafm.net\/sitio\/wp-json\/wp\/v2\/users\/5"}],"replies":[{"embeddable":true,"href":"https:\/\/www.evafm.net\/sitio\/wp-json\/wp\/v2\/comments?post=86940"}],"version-history":[{"count":1,"href":"https:\/\/www.evafm.net\/sitio\/wp-json\/wp\/v2\/posts\/86940\/revisions"}],"predecessor-version":[{"id":86947,"href":"https:\/\/www.evafm.net\/sitio\/wp-json\/wp\/v2\/posts\/86940\/revisions\/86947"}],"wp:featuredmedia":[{"embeddable":true,"href":"https:\/\/www.evafm.net\/sitio\/wp-json\/wp\/v2\/media\/86946"}],"wp:attachment":[{"href":"https:\/\/www.evafm.net\/sitio\/wp-json\/wp\/v2\/media?parent=86940"}],"wp:term":[{"taxonomy":"category","embeddable":true,"href":"https:\/\/www.evafm.net\/sitio\/wp-json\/wp\/v2\/categories?post=86940"},{"taxonomy":"post_tag","embeddable":true,"href":"https:\/\/www.evafm.net\/sitio\/wp-json\/wp\/v2\/tags?post=86940"}],"curies":[{"name":"wp","href":"https:\/\/api.w.org\/{rel}","templated":true}]}}