{"id":86964,"date":"2025-02-23T14:14:16","date_gmt":"2025-02-23T19:14:16","guid":{"rendered":"https:\/\/www.evafm.net\/sitio\/?p=86964"},"modified":"2025-02-23T14:14:16","modified_gmt":"2025-02-23T19:14:16","slug":"vinotinto-cayo-con-macara-1-2-ligapro-2025","status":"publish","type":"post","link":"https:\/\/www.evafm.net\/sitio\/vinotinto-cayo-con-macara-1-2-ligapro-2025\/","title":{"rendered":"Vinotinto cayo con Macara 1 &#8211; 2 LigaPro 2025"},"content":{"rendered":"<p>Continuamos con las incidencias del espect\u00e1culo maravilloso el futbol con <strong>LigaPro 2025 Serie A Fecha 2 Fase Inicial.<\/strong><\/p>\n<p>se enfrentaron <strong>Vinotinto Ecuador FC vs C.D. Macara, <\/strong>en el estadio <strong>Ol\u00edmpico Atahualpa.\u00a0<\/strong><\/p>\n<p>&nbsp;<\/p>\n<p><strong>Vene &#8211; ecuatorianos<\/strong> no \u00b4pudo con <strong>El \u00eddolo ambate\u00f1o perdi\u00f3 1 &#8211; 2 .\u00a0<\/strong><\/p>\n<p>en la <strong>Fecha 3 Vinotinto s<\/strong>e enfrentara al<strong> Aucas<\/strong> el <strong>domingo 2 de marzo<\/strong> a las <strong>15:30<\/strong> en el estadio <strong>Gonzalo Pozo Ripalda<\/strong><\/p>\n<p><strong>Macara<\/strong> visitara a <strong>Emelec<\/strong> el <strong>viernes 28 de febrero<\/strong> a las <strong>19:00<\/strong> en el estadio<strong> George Capwell . (D)<\/strong><\/p>\n<p>&nbsp;<\/p>\n<p><strong>Goles de Macara:<\/strong><\/p>\n<p><strong>Gaston Blanc<\/strong> en el <strong>(minuto 4)<\/strong><\/p>\n<p><strong>Edison Hern\u00e1ndez<\/strong> en el <strong>(minuto 72 GEC)<\/strong><\/p>\n<p>&nbsp;<\/p>\n<p><strong>Gol de Vinotinto:<\/strong><\/p>\n<p><strong>Francisco Mera<\/strong> en el<strong> (minuto 12)<\/strong><\/p>\n<p>&nbsp;<\/p>\n<p><iframe title=\"Vinotinto 1 - 2 Macar\u00e1 \/ Fecha 2 \/ LigaPro Ecuabet conectada por Xtrim\" width=\"1200\" height=\"675\" src=\"https:\/\/www.youtube.com\/embed\/322KfzHqabc?feature=oembed\" frameborder=\"0\" allow=\"accelerometer; autoplay; clipboard-write; encrypted-media; gyroscope; picture-in-picture; web-share\" referrerpolicy=\"strict-origin-when-cross-origin\" allowfullscreen><\/iframe><\/p>\n<p>&nbsp;<\/p>\n<p><strong>Fuente:<\/strong> evafm.net &#8211; youtube.com<\/p>\n<div class=\"gsp_post_data\" \r\n\t            data-post_type=\"post\" \r\n\t            data-cat=\"deportes-ecuador\" \r\n\t            data-modified=\"120\"\r\n\t            data-created=\"1740320056\"\r\n\t            data-title=\"Vinotinto cayo con Macara 1 &#8211; 2 LigaPro 2025\" \r\n\t            data-home=\"https:\/\/www.evafm.net\/sitio\"><\/div>","protected":false},"excerpt":{"rendered":"<p>Continuamos con las incidencias del espect\u00e1culo maravilloso el futbol con LigaPro 2025 Serie A Fecha 2 Fase Inicial. se enfrentaron Vinotinto Ecuador FC vs C.D. Macara, en el estadio Ol\u00edmpico Atahualpa.\u00a0 &nbsp; Vene &#8211; ecuatorianos no \u00b4pudo con El \u00eddolo ambate\u00f1o perdi\u00f3 1 &#8211; 2 .\u00a0 en la Fecha 3 Vinotinto se enfrentara al Aucas&#8230;<\/p>\n","protected":false},"author":5,"featured_media":86965,"comment_status":"closed","ping_status":"open","sticky":false,"template":"","format":"standard","meta":{"_joinchat":[],"footnotes":""},"categories":[1557],"tags":[],"class_list":["post-86964","post","type-post","status-publish","format-standard","has-post-thumbnail","hentry","category-deportes-ecuador","have-post-thumb"],"_links":{"self":[{"href":"https:\/\/www.evafm.net\/sitio\/wp-json\/wp\/v2\/posts\/86964","targetHints":{"allow":["GET"]}}],"collection":[{"href":"https:\/\/www.evafm.net\/sitio\/wp-json\/wp\/v2\/posts"}],"about":[{"href":"https:\/\/www.evafm.net\/sitio\/wp-json\/wp\/v2\/types\/post"}],"author":[{"embeddable":true,"href":"https:\/\/www.evafm.net\/sitio\/wp-json\/wp\/v2\/users\/5"}],"replies":[{"embeddable":true,"href":"https:\/\/www.evafm.net\/sitio\/wp-json\/wp\/v2\/comments?post=86964"}],"version-history":[{"count":1,"href":"https:\/\/www.evafm.net\/sitio\/wp-json\/wp\/v2\/posts\/86964\/revisions"}],"predecessor-version":[{"id":86966,"href":"https:\/\/www.evafm.net\/sitio\/wp-json\/wp\/v2\/posts\/86964\/revisions\/86966"}],"wp:featuredmedia":[{"embeddable":true,"href":"https:\/\/www.evafm.net\/sitio\/wp-json\/wp\/v2\/media\/86965"}],"wp:attachment":[{"href":"https:\/\/www.evafm.net\/sitio\/wp-json\/wp\/v2\/media?parent=86964"}],"wp:term":[{"taxonomy":"category","embeddable":true,"href":"https:\/\/www.evafm.net\/sitio\/wp-json\/wp\/v2\/categories?post=86964"},{"taxonomy":"post_tag","embeddable":true,"href":"https:\/\/www.evafm.net\/sitio\/wp-json\/wp\/v2\/tags?post=86964"}],"curies":[{"name":"wp","href":"https:\/\/api.w.org\/{rel}","templated":true}]}}