{"id":86973,"date":"2025-02-23T14:44:49","date_gmt":"2025-02-23T19:44:49","guid":{"rendered":"https:\/\/www.evafm.net\/sitio\/?p=86973"},"modified":"2025-02-23T14:44:49","modified_gmt":"2025-02-23T19:44:49","slug":"emelec-confirmo-un-esguince-en-la-rodilla-de-justyn-mina","status":"publish","type":"post","link":"https:\/\/www.evafm.net\/sitio\/emelec-confirmo-un-esguince-en-la-rodilla-de-justyn-mina\/","title":{"rendered":"Emelec confirm\u00f3 un esguince en la rodilla de Justyn Mina"},"content":{"rendered":"<p>A los 16 minutos se encendieron las alarmas en el arco de Emelec el arquero el\u00e9ctrico,\u00a0<b>Justyn Mina, acus\u00f3 un dolor a la altura de su rodilla<\/b>\u00a0<b>izquierda.<\/b><\/p>\n<p>y tuvo que ser <b>sustituido por Gilmar Napa<\/b>.<\/p>\n<p>Mina tuvo que retirarse del campo de juego en camilla, debido a su fuerte dolor que no le permit\u00eda estar con los dos pies en el gramado.<\/p>\n<p>&nbsp;<\/p>\n<div class=\"paragraph\">\n<p>Horas m\u00e1s tarde,\u00a0<b>Emelec confirm\u00f3 la lesi\u00f3n<\/b>\u00a0del joven portero de 23 mediante sus redes sociales.<\/p>\n<p>&nbsp;<\/p>\n<p>El informe m\u00e9dico del club dice lo siguiente:<\/p>\n<p>\u00ab<b>Nuestro portero Justyn Mina sufri\u00f3 un esguince de rodilla<\/b>, al momento recibe tratamiento y posteriormente<\/p>\n<p>se le har\u00e1 una valoraci\u00f3n de im\u00e1genes que se realizar\u00e1n en la ciudad de Guayaquil\u00bb.<\/p>\n<p>&nbsp;<\/p>\n<p>Ahora, a falta de confirmarse el tiempo de ausencia de Mina, ser\u00e1\u00a0<b>Gilmar Napa<\/b>\u00a0quien asuma la titularidad en el arco azul, mientras que<\/p>\n<p><b>Gianluca Espinoza<\/b> subir\u00e1 para ser el segundo arquero suplente. <strong>(D)<\/strong><\/p>\n<\/div>\n<p>&nbsp;<\/p>\n<div class=\"css-1dbjc4n r-18u37iz r-kzbkwu\">\n<div class=\"css-1dbjc4n r-1ny4l3l\">\n<div class=\"css-1dbjc4n r-1adg3ll r-bztko3\" data-testid=\"UserAvatar-Container-CSEmelec\">\n<div class=\"r-1p0dtai r-1pi2tsx r-1d2f490 r-u8s1d r-ipm5af r-13qz1uu\">\n<div class=\"css-1dbjc4n r-1adg3ll r-1pi2tsx r-1wyvozj r-bztko3 r-u8s1d r-1v2oles r-desppf r-13qz1uu\">\n<div class=\"r-1p0dtai r-1pi2tsx r-1d2f490 r-u8s1d r-ipm5af r-13qz1uu\">\n<div class=\"css-1dbjc4n r-sdzlij r-ggadg3 r-1udh08x r-u8s1d r-8jfcpp\">\n<div class=\"css-1dbjc4n r-14lw9ot r-sdzlij r-1wyvozj r-1udh08x r-633pao r-u8s1d r-1v2oles r-desppf\">\n<div class=\"css-1dbjc4n r-1adg3ll r-1udh08x\">\n<div class=\"r-1p0dtai r-1pi2tsx r-1d2f490 r-u8s1d r-ipm5af r-13qz1uu\">\n<div class=\"css-1dbjc4n r-1p0dtai r-1mlwlqe r-1d2f490 r-1udh08x r-u8s1d r-zchlnj r-ipm5af r-417010\" aria-label=\"\">\n<div class=\"css-1dbjc4n r-1niwhzg r-vvn4in r-u6sd8q r-4gszlv r-1p0dtai r-1pi2tsx r-1d2f490 r-u8s1d r-zchlnj r-ipm5af r-13qz1uu r-1wyyakw\"><\/div>\n<p><img decoding=\"async\" class=\"css-9pa8cd\" src=\"https:\/\/pbs.twimg.com\/profile_images\/1874222973868969984\/8sgT35-f_normal.jpg\" alt=\"\" \/><\/div>\n<\/div>\n<\/div>\n<\/div>\n<div class=\"css-1dbjc4n r-sdzlij r-1wyvozj r-1udh08x r-u8s1d r-1v2oles r-desppf\">\n<div class=\"css-1dbjc4n r-12181gd r-1pi2tsx r-1ny4l3l r-o7ynqc r-6416eg r-13qz1uu\"><\/div>\n<\/div>\n<\/div>\n<\/div>\n<\/div>\n<\/div>\n<\/div>\n<\/div>\n<div class=\"css-1dbjc4n r-eqz5dr r-1777fci r-4amgru r-1kh6xel\">\n<div class=\"css-1dbjc4n r-1ny4l3l\">\n<div class=\"css-1dbjc4n r-1wbh5a2 r-dnmrzs r-1ny4l3l\">\n<div class=\"css-1dbjc4n r-1wbh5a2 r-dnmrzs r-1ny4l3l\">\n<div class=\"css-1dbjc4n r-1awozwy r-18u37iz r-dnmrzs\">\n<div class=\"css-901oao r-1awozwy r-18jsvk2 r-6koalj r-1qd0xha r-a023e6 r-b88u0q r-rjixqe r-bcqeeo r-1udh08x r-3s2u2q r-qvutc0\" dir=\"auto\"><strong><span class=\"css-901oao css-16my406 css-1hf3ou5 r-poiln3 r-bcqeeo r-qvutc0\"><span class=\"css-901oao css-16my406 r-poiln3 r-bcqeeo r-qvutc0\">Club Sport Emelec<\/span><\/span><\/strong><\/div>\n<div class=\"css-901oao r-18jsvk2 r-xoduu5 r-18u37iz r-1q142lx r-1qd0xha r-a023e6 r-16dba41 r-rjixqe r-bcqeeo r-qvutc0\" dir=\"auto\"><\/div>\n<\/div>\n<div class=\"css-1dbjc4n r-1awozwy r-18u37iz r-1wbh5a2\">\n<div class=\"css-1dbjc4n\">\n<div class=\"css-901oao css-1hf3ou5 r-14j79pv r-18u37iz r-1qd0xha r-1wvb978 r-a023e6 r-16dba41 r-rjixqe r-bcqeeo r-qvutc0\" dir=\"ltr\"><strong><span class=\"css-901oao css-16my406 r-poiln3 r-bcqeeo r-qvutc0\">@CSEmelec<\/span><\/strong><\/div>\n<\/div>\n<div class=\"css-1dbjc4n r-18u37iz r-1q142lx\">\n<div class=\"css-901oao r-14j79pv r-1q142lx r-1qd0xha r-a023e6 r-16dba41 r-rjixqe r-bcqeeo r-s1qlax r-qvutc0\" dir=\"auto\" aria-hidden=\"true\"><\/div>\n<\/div>\n<\/div>\n<\/div>\n<\/div>\n<\/div>\n<\/div>\n<\/div>\n<div class=\"css-1dbjc4n\">\n<div class=\"css-901oao r-18jsvk2 r-1dqbpge r-1qd0xha r-adyw6z r-16dba41 r-135wba7 r-bcqeeo r-bnwqim r-qvutc0\" dir=\"auto\" lang=\"es\" data-testid=\"tweetText\"><span class=\"css-901oao css-16my406 r-poiln3 r-bcqeeo r-qvutc0\">Informe m\u00e9dico <\/span><span class=\"r-18u37iz\"><a class=\"css-4rbku5 css-18t94o4 css-901oao css-16my406 r-1loqt21 r-poiln3 r-bcqeeo r-qvutc0\" dir=\"ltr\" role=\"link\" href=\"https:\/\/twitter.com\/cruzazulec?ref_src=twsrc%5Etfw%7Ctwcamp%5Etweetembed%7Ctwterm%5E1893459192435892447%7Ctwgr%5E5df6d88c76be2c14399bff649332793f5d043a10%7Ctwcon%5Es1_&amp;ref_url=https%3A%2F%2Fwww.ecuavisa.com%2Fdeportes%2Ffutbol-nacional%2Femelec-justyn-mina-esguince-de-rodilla-AL8863673\" target=\"_blank\" rel=\"noopener noreferrer nofollow\">@cruzazulec<\/a><\/span><\/div>\n<\/div>\n<p><img decoding=\"async\" src=\"https:\/\/pbs.twimg.com\/media\/GkbrGNWXcAAGjKQ?format=jpg&amp;name=small\" alt=\"Imagen\" \/><\/p>\n<p>&nbsp;<\/p>\n<p><strong>Fuente<\/strong>: evafm.net &#8211; ecuavisa.com<\/p>\n<div id=\"twitter-1-0\" class=\"art-twitter\">\n<div class=\"twitter-content\"><\/div>\n<\/div>\n<p>&nbsp;<\/p>\n<p><strong>Fuente:<\/strong> evafm.net &#8211; ecuavisa.com<\/p>\n<div class=\"gsp_post_data\" \r\n\t            data-post_type=\"post\" \r\n\t            data-cat=\"deportes-ecuador\" \r\n\t            data-modified=\"120\"\r\n\t            data-created=\"1740321889\"\r\n\t            data-title=\"Emelec confirm\u00f3 un esguince en la rodilla de Justyn Mina\" \r\n\t            data-home=\"https:\/\/www.evafm.net\/sitio\"><\/div>","protected":false},"excerpt":{"rendered":"<p>A los 16 minutos se encendieron las alarmas en el arco de Emelec el arquero el\u00e9ctrico,\u00a0Justyn Mina, acus\u00f3 un dolor a la altura de su rodilla\u00a0izquierda. y tuvo que ser sustituido por Gilmar Napa. Mina tuvo que retirarse del campo de juego en camilla, debido a su fuerte dolor que no le permit\u00eda estar con&#8230;<\/p>\n","protected":false},"author":5,"featured_media":86974,"comment_status":"closed","ping_status":"open","sticky":false,"template":"","format":"standard","meta":{"_joinchat":[],"footnotes":""},"categories":[1557],"tags":[],"class_list":["post-86973","post","type-post","status-publish","format-standard","has-post-thumbnail","hentry","category-deportes-ecuador","have-post-thumb"],"_links":{"self":[{"href":"https:\/\/www.evafm.net\/sitio\/wp-json\/wp\/v2\/posts\/86973","targetHints":{"allow":["GET"]}}],"collection":[{"href":"https:\/\/www.evafm.net\/sitio\/wp-json\/wp\/v2\/posts"}],"about":[{"href":"https:\/\/www.evafm.net\/sitio\/wp-json\/wp\/v2\/types\/post"}],"author":[{"embeddable":true,"href":"https:\/\/www.evafm.net\/sitio\/wp-json\/wp\/v2\/users\/5"}],"replies":[{"embeddable":true,"href":"https:\/\/www.evafm.net\/sitio\/wp-json\/wp\/v2\/comments?post=86973"}],"version-history":[{"count":1,"href":"https:\/\/www.evafm.net\/sitio\/wp-json\/wp\/v2\/posts\/86973\/revisions"}],"predecessor-version":[{"id":86975,"href":"https:\/\/www.evafm.net\/sitio\/wp-json\/wp\/v2\/posts\/86973\/revisions\/86975"}],"wp:featuredmedia":[{"embeddable":true,"href":"https:\/\/www.evafm.net\/sitio\/wp-json\/wp\/v2\/media\/86974"}],"wp:attachment":[{"href":"https:\/\/www.evafm.net\/sitio\/wp-json\/wp\/v2\/media?parent=86973"}],"wp:term":[{"taxonomy":"category","embeddable":true,"href":"https:\/\/www.evafm.net\/sitio\/wp-json\/wp\/v2\/categories?post=86973"},{"taxonomy":"post_tag","embeddable":true,"href":"https:\/\/www.evafm.net\/sitio\/wp-json\/wp\/v2\/tags?post=86973"}],"curies":[{"name":"wp","href":"https:\/\/api.w.org\/{rel}","templated":true}]}}