{"id":87335,"date":"2025-03-09T12:35:56","date_gmt":"2025-03-09T17:35:56","guid":{"rendered":"https:\/\/www.evafm.net\/sitio\/?p=87335"},"modified":"2025-03-10T12:26:29","modified_gmt":"2025-03-10T17:26:29","slug":"barcelona-inconexo-perdio-con-independice-del-valle-0-4-ligapro-2025","status":"publish","type":"post","link":"https:\/\/www.evafm.net\/sitio\/barcelona-inconexo-perdio-con-independice-del-valle-0-4-ligapro-2025\/","title":{"rendered":"Barcelona inconexo perdi\u00f3 con Independice del Valle 0 &#8211; 4 LigaPro 2025"},"content":{"rendered":"<p>Avanzamos con al adrenalina infaltable con sabor y ritmo de futbol en el evento <strong>LigaPro 2025 Serie A Fecha 4 Fase Inicial.<\/strong><\/p>\n<p>se enfrentaron <strong>Barcelona SC vs C.A.R.E.I. del Valle, <\/strong>en el estadio<strong> Monumental.\u00a0<\/strong><\/p>\n<p>&nbsp;<\/p>\n<p><strong>El \u00eddolo<\/strong> sorprendido y sin reacci\u00f3n perdi\u00f3 catastr\u00f3ficamente adem\u00e1s de sufrir la expulsi\u00f3n de <strong>Jonny Qui\u00f1onez<\/strong><\/p>\n<p>por su parte <strong>El Rayado del Valle <\/strong>con futbol din\u00e1mico vertical se paseo en el reducto del Monumental y se llevo la victoria<\/p>\n<p>por <strong>0 &#8211; 4 .\u00a0<\/strong><\/p>\n<p>en la<strong> Fecha 5 Barcelona<\/strong> visitara al<strong> T. Universitario <\/strong>el <strong>lunes 17 de marzo<\/strong> a a las <strong>19:00<\/strong> en el estadio <strong>Bellavista\u00a0<\/strong><\/p>\n<p><strong>Independiente<\/strong> recibir\u00e1 al<strong> Macara<\/strong> el <strong>domingo 16 de marzo<\/strong> a las <strong>13:00<\/strong> en el estadio del sector de <strong>Amagua\u00f1a. (D)<\/strong><\/p>\n<p>&nbsp;<\/p>\n<p><strong>Goles de Independiente del Valle.<\/strong><\/p>\n<p><strong>Jeison Medina<\/strong> en el <strong>(minuto 8 &#8211; 17 y 59)<\/strong><\/p>\n<p><strong>Aron Rodr\u00edguez <\/strong>en el <strong>(minuto 74)<\/strong><\/p>\n<p>&nbsp;<\/p>\n<p><iframe title=\"Barcelona SC 0 - 4 Independiente del Valle \/ Fecha 4 \/ LigaPro Ecuabet conectada por Xtrim\" width=\"1200\" height=\"675\" src=\"https:\/\/www.youtube.com\/embed\/0LjzF_j7zPw?feature=oembed\" frameborder=\"0\" allow=\"accelerometer; autoplay; clipboard-write; encrypted-media; gyroscope; picture-in-picture; web-share\" referrerpolicy=\"strict-origin-when-cross-origin\" allowfullscreen><\/iframe><\/p>\n<p>&nbsp;<\/p>\n<p><strong>Fuente:<\/strong> evafm.net &#8211; youtube.com<\/p>\n<div class=\"gsp_post_data\" \r\n\t            data-post_type=\"post\" \r\n\t            data-cat=\"deportes-ecuador,general\" \r\n\t            data-modified=\"120\"\r\n\t            data-created=\"1741523756\"\r\n\t            data-title=\"Barcelona inconexo perdi\u00f3 con Independice del Valle 0 &#8211; 4 LigaPro 2025\" \r\n\t            data-home=\"https:\/\/www.evafm.net\/sitio\"><\/div>","protected":false},"excerpt":{"rendered":"<p>Avanzamos con al adrenalina infaltable con sabor y ritmo de futbol en el evento LigaPro 2025 Serie A Fecha 4 Fase Inicial. se enfrentaron Barcelona SC vs C.A.R.E.I. del Valle, en el estadio Monumental.\u00a0 &nbsp; El \u00eddolo sorprendido y sin reacci\u00f3n perdi\u00f3 catastr\u00f3ficamente adem\u00e1s de sufrir la expulsi\u00f3n de Jonny Qui\u00f1onez por su parte El&#8230;<\/p>\n","protected":false},"author":5,"featured_media":87379,"comment_status":"closed","ping_status":"open","sticky":false,"template":"","format":"standard","meta":{"_joinchat":[],"footnotes":""},"categories":[1557,1720],"tags":[],"class_list":["post-87335","post","type-post","status-publish","format-standard","has-post-thumbnail","hentry","category-deportes-ecuador","category-general","have-post-thumb"],"_links":{"self":[{"href":"https:\/\/www.evafm.net\/sitio\/wp-json\/wp\/v2\/posts\/87335","targetHints":{"allow":["GET"]}}],"collection":[{"href":"https:\/\/www.evafm.net\/sitio\/wp-json\/wp\/v2\/posts"}],"about":[{"href":"https:\/\/www.evafm.net\/sitio\/wp-json\/wp\/v2\/types\/post"}],"author":[{"embeddable":true,"href":"https:\/\/www.evafm.net\/sitio\/wp-json\/wp\/v2\/users\/5"}],"replies":[{"embeddable":true,"href":"https:\/\/www.evafm.net\/sitio\/wp-json\/wp\/v2\/comments?post=87335"}],"version-history":[{"count":1,"href":"https:\/\/www.evafm.net\/sitio\/wp-json\/wp\/v2\/posts\/87335\/revisions"}],"predecessor-version":[{"id":87337,"href":"https:\/\/www.evafm.net\/sitio\/wp-json\/wp\/v2\/posts\/87335\/revisions\/87337"}],"wp:featuredmedia":[{"embeddable":true,"href":"https:\/\/www.evafm.net\/sitio\/wp-json\/wp\/v2\/media\/87379"}],"wp:attachment":[{"href":"https:\/\/www.evafm.net\/sitio\/wp-json\/wp\/v2\/media?parent=87335"}],"wp:term":[{"taxonomy":"category","embeddable":true,"href":"https:\/\/www.evafm.net\/sitio\/wp-json\/wp\/v2\/categories?post=87335"},{"taxonomy":"post_tag","embeddable":true,"href":"https:\/\/www.evafm.net\/sitio\/wp-json\/wp\/v2\/tags?post=87335"}],"curies":[{"name":"wp","href":"https:\/\/api.w.org\/{rel}","templated":true}]}}