{"id":87339,"date":"2025-03-09T12:45:59","date_gmt":"2025-03-09T17:45:59","guid":{"rendered":"https:\/\/www.evafm.net\/sitio\/?p=87339"},"modified":"2025-03-09T12:45:59","modified_gmt":"2025-03-09T17:45:59","slug":"alan-minda-salio-lesionado","status":"publish","type":"post","link":"https:\/\/www.evafm.net\/sitio\/alan-minda-salio-lesionado\/","title":{"rendered":"Alan Minda sali\u00f3 lesionado"},"content":{"rendered":"<p>Preocupaci\u00f3n en Ecuador. <strong>Alan Minda,<\/strong> extremo de La Tri, sufri\u00f3 molestias musculares en el encuentro entre el <strong>Cercle Brugge<\/strong> y el <strong>Club Brujas.<\/strong><\/p>\n<p>por la <strong>fecha 12 de la Belgian Pro League. <\/strong><\/p>\n<p>El jugador ingres\u00f3 al <strong>minuto 45&#8242;, pero apenas 23 minutos<\/strong> despu\u00e9s, al <strong>68&#8242;<\/strong>, tuvo que abandonar el campo debido a la dolencia, dirigi\u00e9ndose<\/p>\n<p>directamente al vestuario.<\/p>\n<p>&nbsp;<\/p>\n<p>La lesi\u00f3n de Minda llega en un momento cr\u00edtico, ya que faltan solo 12 d\u00edas para el partido de Ecuador ante Venezuela por las<\/p>\n<p><strong>Eliminatorias Sudamericanas. <\/strong><\/p>\n<p>Su presencia en la convocatoria de Sebasti\u00e1n Beccacece ahora queda en duda, a la espera de un diagn\u00f3stico oficial sobre la gravedad<\/p>\n<p>de su molestia.<\/p>\n<p>&nbsp;<\/p>\n<p>Se espera que el cuerpo m\u00e9dico del <strong>Cercle Brugge<\/strong> brinde un informe detallado en las pr\u00f3ximas horas para determinar si el<\/p>\n<p>extremo ecuatoriano podr\u00e1 recuperarse a tiempo para los compromisos internacionales o si deber\u00e1 quedar fuera de la lista para la<\/p>\n<p>doble fecha eliminatoria. <strong>(D)<\/strong><\/p>\n<p>&nbsp;<\/p>\n<p><strong>Fuente:<\/strong> evafm.net &#8211; studiofutbol.com.ec<\/p>\n<div class=\"gsp_post_data\" \r\n\t            data-post_type=\"post\" \r\n\t            data-cat=\"deportes-internacionales,general\" \r\n\t            data-modified=\"120\"\r\n\t            data-created=\"1741524359\"\r\n\t            data-title=\"Alan Minda sali\u00f3 lesionado\" \r\n\t            data-home=\"https:\/\/www.evafm.net\/sitio\"><\/div>","protected":false},"excerpt":{"rendered":"<p>Preocupaci\u00f3n en Ecuador. Alan Minda, extremo de La Tri, sufri\u00f3 molestias musculares en el encuentro entre el Cercle Brugge y el Club Brujas. por la fecha 12 de la Belgian Pro League. El jugador ingres\u00f3 al minuto 45&#8242;, pero apenas 23 minutos despu\u00e9s, al 68&#8242;, tuvo que abandonar el campo debido a la dolencia, dirigi\u00e9ndose&#8230;<\/p>\n","protected":false},"author":5,"featured_media":87340,"comment_status":"closed","ping_status":"open","sticky":false,"template":"","format":"standard","meta":{"_joinchat":[],"footnotes":""},"categories":[1342,1720],"tags":[],"class_list":["post-87339","post","type-post","status-publish","format-standard","has-post-thumbnail","hentry","category-deportes-internacionales","category-general","have-post-thumb"],"_links":{"self":[{"href":"https:\/\/www.evafm.net\/sitio\/wp-json\/wp\/v2\/posts\/87339","targetHints":{"allow":["GET"]}}],"collection":[{"href":"https:\/\/www.evafm.net\/sitio\/wp-json\/wp\/v2\/posts"}],"about":[{"href":"https:\/\/www.evafm.net\/sitio\/wp-json\/wp\/v2\/types\/post"}],"author":[{"embeddable":true,"href":"https:\/\/www.evafm.net\/sitio\/wp-json\/wp\/v2\/users\/5"}],"replies":[{"embeddable":true,"href":"https:\/\/www.evafm.net\/sitio\/wp-json\/wp\/v2\/comments?post=87339"}],"version-history":[{"count":1,"href":"https:\/\/www.evafm.net\/sitio\/wp-json\/wp\/v2\/posts\/87339\/revisions"}],"predecessor-version":[{"id":87341,"href":"https:\/\/www.evafm.net\/sitio\/wp-json\/wp\/v2\/posts\/87339\/revisions\/87341"}],"wp:featuredmedia":[{"embeddable":true,"href":"https:\/\/www.evafm.net\/sitio\/wp-json\/wp\/v2\/media\/87340"}],"wp:attachment":[{"href":"https:\/\/www.evafm.net\/sitio\/wp-json\/wp\/v2\/media?parent=87339"}],"wp:term":[{"taxonomy":"category","embeddable":true,"href":"https:\/\/www.evafm.net\/sitio\/wp-json\/wp\/v2\/categories?post=87339"},{"taxonomy":"post_tag","embeddable":true,"href":"https:\/\/www.evafm.net\/sitio\/wp-json\/wp\/v2\/tags?post=87339"}],"curies":[{"name":"wp","href":"https:\/\/api.w.org\/{rel}","templated":true}]}}