{"id":87360,"date":"2025-03-10T09:53:29","date_gmt":"2025-03-10T14:53:29","guid":{"rendered":"https:\/\/www.evafm.net\/sitio\/?p=87360"},"modified":"2025-03-10T12:11:25","modified_gmt":"2025-03-10T17:11:25","slug":"daniel-noboa-va-a-desenmascarar-a-politicos-vinculados-al-crimen-organizado","status":"publish","type":"post","link":"https:\/\/www.evafm.net\/sitio\/daniel-noboa-va-a-desenmascarar-a-politicos-vinculados-al-crimen-organizado\/","title":{"rendered":"Daniel Noboa va a &#8216;desenmascarar&#8217; a pol\u00edticos vinculados al crimen organizado"},"content":{"rendered":"<p class=\"p_0\">El presidente de la Rep\u00fablica,\u00a0<b>Daniel Noboa<\/b>, afirm\u00f3 que en las pr\u00f3ximas semanas su gobierno revelar\u00e1 pruebas sobre la presunta vinculaci\u00f3n<\/p>\n<p class=\"p_0\">de actores pol\u00edticos con el\u00a0<b><a href=\"https:\/\/www.vistazo.com\/actualidad\/nacional\/2025-02-19-ecuador-ataque-crimen-transnacional-embajador-italia-revela-mafia-JG8844038\" target=\"_blank\" rel=\"noopener noreferrer\">crimen organizado<\/a><\/b>.<\/p>\n<p class=\"p_1\">Este lunes 10 de marzo, durante una entrevista radial, el mandatario dijo que va a \u00ab<b>desenmascarar<\/b>\u00bb los nexos con estructuras criminales<\/p>\n<p class=\"p_1\">para desestabilizar al pa\u00eds. \u00abVamos a mostrar c\u00f3mo\u00a0<b>funcionarios electos<\/b>\u00a0han estado trabajando con el crimen organizado\u00bb, sostuvo.<\/p>\n<p>&nbsp;<\/p>\n<p>Noboa tambi\u00e9n denunci\u00f3 que el aumento de muertes violentas en determinadas zonas no ser\u00eda fortuito, sino parte de una estrategia para<\/p>\n<p>desacreditar a su administraci\u00f3n.<\/p>\n<p>&nbsp;<\/p>\n<p class=\"p_4\">\u00abTe suben las muertes en un lugar a prop\u00f3sito, para que despu\u00e9s le echen la culpa al Gobierno\u00bb, asegur\u00f3 Noboa, al se\u00f1alar que buscan<\/p>\n<p class=\"p_4\">distorsionar los resultados de las elecciones.<\/p>\n<p class=\"p_5\"><strong>\u00abEso hay que mostrarlo y decir las cosas claras.<\/strong><\/p>\n<p class=\"p_5\"><strong> La gente quiere decisiones duras y que le den resultados\u00bb,<\/strong> concluy\u00f3.<\/p>\n<p>&nbsp;<\/p>\n<p class=\"p_5\"><strong>Constituyente contra la criminalidad:<\/strong><\/p>\n<p class=\"p_6\">En materia de seguridad, el presidente Noboa reiter\u00f3 su propuesta de convocar a una nueva\u00a0<b>Asamblea Constituyente<\/b>, la cual se<\/p>\n<p class=\"p_6\">establecer\u00eda en Riobamba, ciudad donde se redact\u00f3 la primera Constituci\u00f3n del pa\u00eds, por su \u201cvalor hist\u00f3rico\u201d.<\/p>\n<p>&nbsp;<\/p>\n<p class=\"p_7\">El mandatario sostuvo que es necesario reformar \u00abde ra\u00edz\u00bb la Carta Magna para crear una sociedad m\u00e1s justa, digna<\/p>\n<p class=\"p_7\">y \u00abcorregir muchos de los errores que se cometieron en la constituyente pasada\u00bb.<\/p>\n<p>&nbsp;<\/p>\n<p class=\"p_8\">\u201cLa\u00a0<b>criminalidad\u00a0<\/b>y las\u00a0<b>garant\u00edas\u00a0<\/b>para los delincuentes hoy en d\u00eda son iguales o incluso mayores que para una persona que hace las cosas<\/p>\n<p class=\"p_8\">bien\u201d, afirm\u00f3.<\/p>\n<p>&nbsp;<\/p>\n<p class=\"p_9\">Noboa enfatiz\u00f3 la necesidad de modificar el tratamiento legal a quienes han cometido delitos atroces.<\/p>\n<p class=\"p_9\">\u201cEso tiene que cambiar porque termina afectando a las fuerzas del orden, desmotivando a polic\u00edas y militares, y desilusionando a toda<\/p>\n<p class=\"p_9\">la sociedad.<\/p>\n<p class=\"p_9\">Ese tipo de cosas hace que se pierda la confianza en el sistema\u201d, se\u00f1al\u00f3.<\/p>\n<p class=\"p_10\">Finalmente, el presidente manifest\u00f3: <strong>\u201cA los criminales se los va a tratar como criminales\u201d. (I)<\/strong><\/p>\n<p>&nbsp;<\/p>\n<p><strong>Fuente:<\/strong> evafm.net &#8211; vistazo.com<\/p>\n<p>&nbsp;<\/p>\n<div class=\"gsp_post_data\" \r\n\t            data-post_type=\"post\" \r\n\t            data-cat=\"general,noticias-ecuador\" \r\n\t            data-modified=\"120\"\r\n\t            data-created=\"1741600409\"\r\n\t            data-title=\"Daniel Noboa va a &#8216;desenmascarar&#8217; a pol\u00edticos vinculados al crimen organizado\" \r\n\t            data-home=\"https:\/\/www.evafm.net\/sitio\"><\/div>","protected":false},"excerpt":{"rendered":"<p>El presidente de la Rep\u00fablica,\u00a0Daniel Noboa, afirm\u00f3 que en las pr\u00f3ximas semanas su gobierno revelar\u00e1 pruebas sobre la presunta vinculaci\u00f3n de actores pol\u00edticos con el\u00a0crimen organizado. Este lunes 10 de marzo, durante una entrevista radial, el mandatario dijo que va a \u00abdesenmascarar\u00bb los nexos con estructuras criminales para desestabilizar al pa\u00eds. \u00abVamos a mostrar c\u00f3mo\u00a0funcionarios&#8230;<\/p>\n","protected":false},"author":5,"featured_media":87370,"comment_status":"closed","ping_status":"open","sticky":false,"template":"","format":"standard","meta":{"_joinchat":[],"footnotes":""},"categories":[1720,1558],"tags":[],"class_list":["post-87360","post","type-post","status-publish","format-standard","has-post-thumbnail","hentry","category-general","category-noticias-ecuador","have-post-thumb"],"_links":{"self":[{"href":"https:\/\/www.evafm.net\/sitio\/wp-json\/wp\/v2\/posts\/87360","targetHints":{"allow":["GET"]}}],"collection":[{"href":"https:\/\/www.evafm.net\/sitio\/wp-json\/wp\/v2\/posts"}],"about":[{"href":"https:\/\/www.evafm.net\/sitio\/wp-json\/wp\/v2\/types\/post"}],"author":[{"embeddable":true,"href":"https:\/\/www.evafm.net\/sitio\/wp-json\/wp\/v2\/users\/5"}],"replies":[{"embeddable":true,"href":"https:\/\/www.evafm.net\/sitio\/wp-json\/wp\/v2\/comments?post=87360"}],"version-history":[{"count":1,"href":"https:\/\/www.evafm.net\/sitio\/wp-json\/wp\/v2\/posts\/87360\/revisions"}],"predecessor-version":[{"id":87362,"href":"https:\/\/www.evafm.net\/sitio\/wp-json\/wp\/v2\/posts\/87360\/revisions\/87362"}],"wp:featuredmedia":[{"embeddable":true,"href":"https:\/\/www.evafm.net\/sitio\/wp-json\/wp\/v2\/media\/87370"}],"wp:attachment":[{"href":"https:\/\/www.evafm.net\/sitio\/wp-json\/wp\/v2\/media?parent=87360"}],"wp:term":[{"taxonomy":"category","embeddable":true,"href":"https:\/\/www.evafm.net\/sitio\/wp-json\/wp\/v2\/categories?post=87360"},{"taxonomy":"post_tag","embeddable":true,"href":"https:\/\/www.evafm.net\/sitio\/wp-json\/wp\/v2\/tags?post=87360"}],"curies":[{"name":"wp","href":"https:\/\/api.w.org\/{rel}","templated":true}]}}