{"id":87363,"date":"2025-03-10T10:03:58","date_gmt":"2025-03-10T15:03:58","guid":{"rendered":"https:\/\/www.evafm.net\/sitio\/?p=87363"},"modified":"2025-03-10T12:10:39","modified_gmt":"2025-03-10T17:10:39","slug":"el-bloque-de-oposicion-en-bolivia-se-reorganiza","status":"publish","type":"post","link":"https:\/\/www.evafm.net\/sitio\/el-bloque-de-oposicion-en-bolivia-se-reorganiza\/","title":{"rendered":"El bloque de oposici\u00f3n en Bolivia se reorganiza"},"content":{"rendered":"<p>A medida que se acerca la votaci\u00f3n presidencial, el escenario electoral en\u00a0<b>Bolivia\u00a0<\/b>va tomando forma con el lanzamiento de campa\u00f1as, declinaciones<\/p>\n<p>de candidaturas y pactos entre actores pol\u00edticos.<\/p>\n<p>En la \u00faltima semana,\u00a0<b>Vicente Cu\u00e9llar, uno de los precandidatos de la principal alianza opositora renunci\u00f3 a su intenci\u00f3n de postular <\/b><\/p>\n<p><b>a la Presidencia\u00a0<\/b>y sum\u00f3 su apoyo al empresario y ex candidato,\u00a0<b>Samuel Doria Medina<\/b>.<\/p>\n<p>&nbsp;<\/p>\n<p class=\"paragraph\" data-mrf-recirculation=\"Links inline\">En diciembre de 2024,<b>\u00a0cuatro actores de oposici\u00f3n firmaron un acuerdo de unidad para garantizar una candidatura \u00fanica de la oposici\u00f3n <\/b><\/p>\n<p class=\"paragraph\" data-mrf-recirculation=\"Links inline\"><b>y hacerle frente al Movimiento Al Socialismo (MAS),\u00a0<\/b>partido que est\u00e1 en el Gobierno desde 2005 con excepci\u00f3n de un a\u00f1o.<\/p>\n<div class=\"inline ad-wrapper\">\n<div class=\"dfpAd ad-inline\"><\/div>\n<\/div>\n<p class=\"paragraph\" data-mrf-recirculation=\"Links inline\">El bloque fue integrado inicialmente por los ex presidentes\u00a0<b>Carlos Mesa (2005-2006) y Jorge Quiroga (2001-2002), el gobernador suspendido <\/b><\/p>\n<p class=\"paragraph\" data-mrf-recirculation=\"Links inline\"><b>Luis Fernando Camacho y el empresario Doria Medina.\u00a0<\/b><\/p>\n<p class=\"paragraph\" data-mrf-recirculation=\"Links inline\">Posteriormente se sumaron el rector universitario\u00a0<b>Vicente<\/b>\u00a0<b>Cu\u00e9llar\u00a0<\/b>y la ex ministra\u00a0<b>Amparo<\/b>\u00a0<b>Ballivi\u00e1n<\/b>, quienes manifestaron su intenci\u00f3n de ser<\/p>\n<p class=\"paragraph\" data-mrf-recirculation=\"Links inline\">candidatos.<\/p>\n<p data-mrf-recirculation=\"Links inline\">A pesar del acuerdo, algunos de los miembros de la alianza continuaron haciendo\u00a0<b>actos proselitistas de manera individual y sellando <\/b><\/p>\n<p data-mrf-recirculation=\"Links inline\"><b>alianzas regionale<\/b>s, por lo que muchos analistas consideran que ser\u00e1 dif\u00edcil lograr consensos para elegir a un solo postulante.<\/p>\n<p data-mrf-recirculation=\"Links inline\">A pesar de sus campa\u00f1as personales, los integrantes del bloque han anunciado que har\u00e1n una encuesta para definir al \u201c<b>candidato \u00fanico<\/b>\u201d<\/p>\n<p data-mrf-recirculation=\"Links inline\">que los represente.<\/p>\n<p data-mrf-recirculation=\"Links inline\">En elecciones anteriores,\u00a0<b>la divisi\u00f3n de la oposici\u00f3n permiti\u00f3 que el MAS no solo ganara la votaci\u00f3n en primera vuelta sino tambi\u00e9n <\/b><\/p>\n<p data-mrf-recirculation=\"Links inline\"><b>obtuviera dos tercios en el Legislativo<\/b>.<\/p>\n<p data-mrf-recirculation=\"Links inline\">\u201cNo creo que se llegue a la candidatura \u00fanica, si no hubo cuando es el MAS estaba en su cl\u00edmax de popularidad, es m\u00e1s dif\u00edcil ahora que el<\/p>\n<p data-mrf-recirculation=\"Links inline\">MAS est\u00e1 en franco deterioro e implosi\u00f3n\u201d, manifest\u00f3 en di\u00e1logo con\u00a0<b>Infobae<\/b>, la analista y ex diputada\u00a0<b>Erika Brockmann<\/b>\u00a0.<\/p>\n<p class=\"paragraph\" data-mrf-recirculation=\"Links inline\">Luego de la firma del acuerdo de unidad, Mesa tambi\u00e9n renunci\u00f3 a disputar la candidatura por lo que quedan en carrera<\/p>\n<p class=\"paragraph\" data-mrf-recirculation=\"Links inline\">\u00a0<b>Quiroga, Doria Medina, Camacho y Ballivi\u00e1n<\/b>.<\/p>\n<p class=\"paragraph\" data-mrf-recirculation=\"Links inline\">Esta representaci\u00f3n de la oposici\u00f3n no es la \u00fanica porque tambi\u00e9n se anunciaron\u00a0<a title=\"https:\/\/www.infobae.com\/america\/america-latina\/2025\/01\/19\/fracturas-en-el-oficialismo-y-un-escenario-incierto-en-la-oposicion-quienes-se-perfilan-como-los-principales-precandidatos-para-las-elecciones-en-bolivia\/\" href=\"https:\/\/www.infobae.com\/america\/america-latina\/2025\/01\/19\/fracturas-en-el-oficialismo-y-un-escenario-incierto-en-la-oposicion-quienes-se-perfilan-como-los-principales-precandidatos-para-las-elecciones-en-bolivia\/\" target=\"_blank\" rel=\"noopener noreferrer\" data-mrf-link=\"https:\/\/www.infobae.com\/america\/america-latina\/2025\/01\/19\/fracturas-en-el-oficialismo-y-un-escenario-incierto-en-la-oposicion-quienes-se-perfilan-como-los-principales-precandidatos-para-las-elecciones-en-bolivia\/\">otras candidaturas fuera del bloque<\/a>\u00a0como la del alcalde<\/p>\n<p class=\"paragraph\" data-mrf-recirculation=\"Links inline\">\u00a0<b>Manfred Reyes Villa\u00a0<\/b>y el pastor evang\u00e9lico\u00a0<b>Chi Hyung Chung<\/b>.<\/p>\n<p class=\"paragraph\" data-mrf-recirculation=\"Links inline\">Las elecciones est\u00e1n previstas para el\u00a0<b>17 de agosto<\/b> y seg\u00fan el calendario electoral, los binomios que participen en la contienda tienen<\/p>\n<p class=\"paragraph\" data-mrf-recirculation=\"Links inline\">que registrarse en mayo.<\/p>\n<p class=\"paragraph\" data-mrf-recirculation=\"Links inline\"><strong>Fragmentaci\u00f3n en ambos polos:<\/strong><\/p>\n<p data-mrf-recirculation=\"Links inline\">La oposici\u00f3n est\u00e1 dividida desde que el MAS lleg\u00f3 al poder, pero en estas elecciones<b>\u00a0la novedad es la fragmentaci\u00f3n en el bloque oficialista <\/b><\/p>\n<p data-mrf-recirculation=\"Links inline\"><b>que se hizo irreversible tras la salida de Evo Morales del partido\u00a0<\/b>que lider\u00f3 durante m\u00e1s de 25 a\u00f1os.<\/p>\n<p class=\"paragraph\" data-mrf-recirculation=\"Links inline\">El presidente\u00a0<b>Luis Arce est\u00e1 distanciado de su antiguo jefe y mentor desde el a\u00f1o 2021<\/b>, primero por diferencias sobre el rumbo del Gobierno<\/p>\n<p class=\"paragraph\" data-mrf-recirculation=\"Links inline\">que luego derivaron en una disputa por el control del partido y la candidatura de 2025.<\/p>\n<p class=\"paragraph\" data-mrf-recirculation=\"Links inline\">En noviembre de 2024, dos controvertidos fallos del\u00a0<b>Tribunal Constitucional\u00a0<\/b>vetaron a Morales la posibilidad de reelegirse y le quitaron la jefatura<\/p>\n<p class=\"paragraph\" data-mrf-recirculation=\"Links inline\">del MAS, al reconocer la elecci\u00f3n de un aliado de Arce como nuevo presidente del partido.<\/p>\n<p class=\"paragraph\" data-mrf-recirculation=\"Links inline\">En ese marco,\u00a0<b>Morales sell\u00f3 recientemente una alianza con el Frente Para la Victoria<\/b>, un partido familiar con poca militancia que tiene<\/p>\n<p class=\"paragraph\" data-mrf-recirculation=\"Links inline\">un pasado corto pero envuelto en pol\u00e9mica por denuncias de <a title=\"https:\/\/www.infobae.com\/america\/america-latina\/2025\/02\/23\/evo-morales-buscara-volver-al-poder-con-un-partido-familiar-acusado-de-cobrar-por-candidaturas-que-hay-detras-del-frente-para-la-victoria\/\" href=\"https:\/\/www.infobae.com\/america\/america-latina\/2025\/02\/23\/evo-morales-buscara-volver-al-poder-con-un-partido-familiar-acusado-de-cobrar-por-candidaturas-que-hay-detras-del-frente-para-la-victoria\/\" target=\"_blank\" rel=\"noopener noreferrer\" data-mrf-link=\"https:\/\/www.infobae.com\/america\/america-latina\/2025\/02\/23\/evo-morales-buscara-volver-al-poder-con-un-partido-familiar-acusado-de-cobrar-por-candidaturas-que-hay-detras-del-frente-para-la-victoria\/\">cobros a sus candidatos y plagio de programas de Gobierno<\/a>.<\/p>\n<p class=\"paragraph\" data-mrf-recirculation=\"Links inline\">Aunque el l\u00edder cocalero tiene impedimentos legales para postular a la Presidencia, insiste en forzar su registro y llevar a sus seguidores hacia<\/p>\n<p class=\"paragraph\" data-mrf-recirculation=\"Links inline\">un nuevo proyecto pol\u00edtico tras lo que considera el<strong> \u201crobo\u201d<\/strong> de su hist\u00f3rica sigla.<\/p>\n<p class=\"paragraph\" data-mrf-recirculation=\"Links inline\">\u201cVivimos una polarizaci\u00f3n fragmentada en los polos\u201d, explic\u00f3 Brockmann al se\u00f1alar que\u00a0<b>por primera vez la divisi\u00f3n no solo est\u00e1 en la oposici\u00f3n<\/b><\/p>\n<p class=\"paragraph\" data-mrf-recirculation=\"Links inline\"><b> sino <\/b><b>tambi\u00e9n en el partido que hasta hace poco era hegem\u00f3nico<\/b>.<\/p>\n<p class=\"paragraph\" data-mrf-recirculation=\"Links inline\">M\u00e1s all\u00e1 de c\u00f3mo se acomoden las fichas electorales, los analistas tienen un certeza:\u00a0<b>un resultado electoral ultrafragmentado que obligar\u00e1 <\/b><\/p>\n<p class=\"paragraph\" data-mrf-recirculation=\"Links inline\"><b>al siguiente <\/b><b>gobernante a negociar y pactar con las otras fuerzas<\/b>, una pr\u00e1ctica que tras los triunfos rotundos del MAS dej\u00f3 de existir.<strong> (I)<\/strong><\/p>\n<p data-mrf-recirculation=\"Links inline\"><strong>Fuente:<\/strong> evafm.net &#8211; infobae.com<\/p>\n<p class=\"paragraph\" data-mrf-recirculation=\"Links inline\">\n<div class=\"gsp_post_data\" \r\n\t            data-post_type=\"post\" \r\n\t            data-cat=\"general,noticias-internacionales\" \r\n\t            data-modified=\"120\"\r\n\t            data-created=\"1741601038\"\r\n\t            data-title=\"El bloque de oposici\u00f3n en Bolivia se reorganiza\" \r\n\t            data-home=\"https:\/\/www.evafm.net\/sitio\"><\/div>","protected":false},"excerpt":{"rendered":"<p>A medida que se acerca la votaci\u00f3n presidencial, el escenario electoral en\u00a0Bolivia\u00a0va tomando forma con el lanzamiento de campa\u00f1as, declinaciones de candidaturas y pactos entre actores pol\u00edticos. En la \u00faltima semana,\u00a0Vicente Cu\u00e9llar, uno de los precandidatos de la principal alianza opositora renunci\u00f3 a su intenci\u00f3n de postular a la Presidencia\u00a0y sum\u00f3 su apoyo al empresario&#8230;<\/p>\n","protected":false},"author":5,"featured_media":87368,"comment_status":"closed","ping_status":"open","sticky":false,"template":"","format":"standard","meta":{"_joinchat":[],"footnotes":""},"categories":[1720,1345],"tags":[],"class_list":["post-87363","post","type-post","status-publish","format-standard","has-post-thumbnail","hentry","category-general","category-noticias-internacionales","have-post-thumb"],"_links":{"self":[{"href":"https:\/\/www.evafm.net\/sitio\/wp-json\/wp\/v2\/posts\/87363","targetHints":{"allow":["GET"]}}],"collection":[{"href":"https:\/\/www.evafm.net\/sitio\/wp-json\/wp\/v2\/posts"}],"about":[{"href":"https:\/\/www.evafm.net\/sitio\/wp-json\/wp\/v2\/types\/post"}],"author":[{"embeddable":true,"href":"https:\/\/www.evafm.net\/sitio\/wp-json\/wp\/v2\/users\/5"}],"replies":[{"embeddable":true,"href":"https:\/\/www.evafm.net\/sitio\/wp-json\/wp\/v2\/comments?post=87363"}],"version-history":[{"count":2,"href":"https:\/\/www.evafm.net\/sitio\/wp-json\/wp\/v2\/posts\/87363\/revisions"}],"predecessor-version":[{"id":87369,"href":"https:\/\/www.evafm.net\/sitio\/wp-json\/wp\/v2\/posts\/87363\/revisions\/87369"}],"wp:featuredmedia":[{"embeddable":true,"href":"https:\/\/www.evafm.net\/sitio\/wp-json\/wp\/v2\/media\/87368"}],"wp:attachment":[{"href":"https:\/\/www.evafm.net\/sitio\/wp-json\/wp\/v2\/media?parent=87363"}],"wp:term":[{"taxonomy":"category","embeddable":true,"href":"https:\/\/www.evafm.net\/sitio\/wp-json\/wp\/v2\/categories?post=87363"},{"taxonomy":"post_tag","embeddable":true,"href":"https:\/\/www.evafm.net\/sitio\/wp-json\/wp\/v2\/tags?post=87363"}],"curies":[{"name":"wp","href":"https:\/\/api.w.org\/{rel}","templated":true}]}}