{"id":88140,"date":"2025-04-14T17:33:36","date_gmt":"2025-04-14T22:33:36","guid":{"rendered":"https:\/\/www.evafm.net\/sitio\/?p=88140"},"modified":"2025-04-14T17:33:36","modified_gmt":"2025-04-14T22:33:36","slug":"donald-trump-acuso-a-china-y-vietnam-por-aranceles","status":"publish","type":"post","link":"https:\/\/www.evafm.net\/sitio\/donald-trump-acuso-a-china-y-vietnam-por-aranceles\/","title":{"rendered":"Donald Trump acus\u00f3 a China y Vietnam por aranceles"},"content":{"rendered":"<p>El presidente de Estados Unidos,\u00a0<b>Donald Trump<\/b>, asegur\u00f3 este lunes que el encuentro mantenido en Hanoi entre el presidente de China,\u00a0<b>Xi<\/b>\u00a0<b>Jinping.<\/b><\/p>\n<p>y el m\u00e1ximo dirigente vietnamita, <b>To Lam<\/b>, busc\u00f3 estudiar maneras de perjudicar a su pa\u00eds en el marco de la actual guerra comercial que ha<\/p>\n<p><b>desencadenado Washington.<\/b><\/p>\n<p class=\"paragraph\" data-mrf-recirculation=\"Links inline\">\u201c<b>No culpo a China ni a Vietnam. Veo la reuni\u00f3n de hoy, y es maravillosa. <\/b><\/p>\n<p class=\"paragraph\" data-mrf-recirculation=\"Links inline\"><b>Es una reuni\u00f3n encantadora, es decir, es como intentar averiguar \u2018c\u00f3mo perjudicamos a Estados Unidos\u2019<\/b>\u201d<\/p>\n<p class=\"paragraph\" data-mrf-recirculation=\"Links inline\">explic\u00f3 a los medios en el Despacho Oval de la Casa Blanca durante un encuentro con el presidente de <strong>El Salvador, Nayib Bukele.<\/strong><\/p>\n<div class=\"inline ad-wrapper\">\n<div class=\"dfpAd ad-inline\"><\/div>\n<\/div>\n<p class=\"paragraph\" data-mrf-recirculation=\"Links inline\">Trump se refiri\u00f3 as\u00ed a la reuni\u00f3n entre Xi y To, que tuvo lugar hoy al inicio de una gira del mandatario chino por el sudeste asi\u00e1tico en la que Beijing<\/p>\n<p class=\"paragraph\" data-mrf-recirculation=\"Links inline\">busca presentarse como socio fiable ante la acometida comercial de EEUU.<\/p>\n<p class=\"paragraph\" data-mrf-recirculation=\"Links inline\">\u201cPerdimos con China durante la era (del ex presidente Joe) Biden billones de d\u00f3lares en comercio, billones de d\u00f3lares.<\/p>\n<p class=\"paragraph\" data-mrf-recirculation=\"Links inline\">\u00c9l dej\u00f3 que nos desplumaran y ya no podemos hacerlo.<\/p>\n<p class=\"paragraph\" data-mrf-recirculation=\"Links inline\">\u00bfY saben qu\u00e9? No culpo a China en absoluto.<\/p>\n<p class=\"paragraph\" data-mrf-recirculation=\"Links inline\">No culpo al presidente Xi. Me cae bien. Yo le caigo bien\u201d, asegur\u00f3 Trump con respecto a la actual situaci\u00f3n con Beijing, a quien ha castigado<\/p>\n<p class=\"paragraph\" data-mrf-recirculation=\"Links inline\">por responder a la aplicaci\u00f3n de aranceles.<\/p>\n<div class=\"inline_2_DSK ad-wrapper ad-desktop\">\n<div class=\"dfpAd ad-inline\"><\/div>\n<\/div>\n<p class=\"paragraph\" data-mrf-recirculation=\"Links inline\">Pese a que la semana pasada suaviz\u00f3 su ofensiva con la mayor\u00eda de pa\u00edses,\u00a0<b>Trump decidi\u00f3 castigar al gigante asi\u00e1tico<\/b>, que ha insistido<\/p>\n<p class=\"paragraph\" data-mrf-recirculation=\"Links inline\">en seguir activando represalias, de manera que actualmente las importaciones chinas soportan un <b>145%<\/b>\u00a0de aranceles estadounidenses<\/p>\n<p class=\"paragraph\" data-mrf-recirculation=\"Links inline\">y los env\u00edos estadounidenses a <strong>China un 125 por ciento.<\/strong><\/p>\n<p class=\"paragraph\" data-mrf-recirculation=\"Links inline\">Trump evit\u00f3 pronunciarse al ser preguntado por la imposici\u00f3n de aranceles espec\u00edficos a los semiconductores, sobre los que el fin de semana<\/p>\n<p class=\"paragraph\" data-mrf-recirculation=\"Links inline\">dijo que anunciar\u00eda en los pr\u00f3ximos d\u00edas, pero s\u00ed insisti\u00f3 en que se mostrar\u00e1 \u201cflexible\u201d respecto a la posibilidad de gravar productos del gigante<\/p>\n<p class=\"paragraph\" data-mrf-recirculation=\"Links inline\">tecnol\u00f3gico Apple como tel\u00e9fonos u ordenadores.<\/p>\n<p class=\"paragraph\" data-mrf-recirculation=\"Links inline\"><strong>Xi insta a Vietnam a oponerse junto a China a la \u201cintimidaci\u00f3n\u201d<\/strong><\/p>\n<p class=\"paragraph\" data-mrf-recirculation=\"Links inline\">El presidente chino, Xi Jinping, pidi\u00f3 el lunes a Vietnam que se una a China para\u00a0<b>\u201coponerse conjuntamente a la intimidaci\u00f3n\u201d.<\/b><\/p>\n<p class=\"paragraph\" data-mrf-recirculation=\"Links inline\">seg\u00fan la agencia de noticias <i>Xinhua<\/i>, al inicio de su gira en el sudeste asi\u00e1tico, marcada por el impacto de los aranceles estadounidenses.<\/p>\n<p class=\"paragraph\" data-mrf-recirculation=\"Links inline\">Xi busca fortalecer las relaciones comerciales regionales e intenta presentarse como un socio fiable y estable, en contraste con el presidente<\/p>\n<p class=\"paragraph\" data-mrf-recirculation=\"Links inline\">estadounidense Donald Trump, que lanz\u00f3 una ofensiva comercial sin cuartel con nuevos aranceles, incluso contra sus socios econ\u00f3micos.<\/p>\n<p class=\"paragraph\" data-mrf-recirculation=\"Links inline\">El presidente chino lleg\u00f3 el lunes a Vietnam, la primera etapa de su gira, que lo llevar\u00e1 tambi\u00e9n a\u00a0<b>Malasia<\/b>\u00a0y\u00a0<b>Camboya<\/b>.<\/p>\n<p class=\"paragraph\" data-mrf-recirculation=\"Links inline\">Xi, que convers\u00f3 con el secretario general del Partido Comunista y l\u00edder de facto de Vietnam, To Lam, firm\u00f3 45 acuerdos de cooperaci\u00f3n<\/p>\n<p class=\"paragraph\" data-mrf-recirculation=\"Links inline\">con el pa\u00eds vecino, entre ellos algunos relativos a cadenas de suministro, IA, patrullas mar\u00edtimas conjuntas y desarrollo ferroviario.<\/p>\n<p class=\"paragraph\" data-mrf-recirculation=\"Links inline\">\u201c<b>Debemos reforzar nuestras relaciones estrat\u00e9gicas, oponernos conjuntamente a la intimidaci\u00f3n y mantener la estabilidad del <\/b><\/p>\n<p class=\"paragraph\" data-mrf-recirculation=\"Links inline\"><b>sistema mundial de libre comercio y de las cadenas industriales y de suministro<\/b>\u201d, dijo el dirigente chino a Lam, seg\u00fan Xinhua.<\/p>\n<p class=\"paragraph\" data-mrf-recirculation=\"Links inline\">Tambi\u00e9n apunt\u00f3 que \u201cel proteccionismo no lleva a ninguna parte\u201d y que \u201cuna guerra comercial y arancelaria no tendr\u00e1 ning\u00fan ganador\u201d<\/p>\n<p class=\"paragraph\" data-mrf-recirculation=\"Links inline\">indic\u00f3 la agencia de noticias estatal china.<\/p>\n<p class=\"paragraph\" data-mrf-recirculation=\"Links inline\">Los nuevos aranceles impuestos por Estados Unidos a China, en el marco de la ofensiva proteccionista emprendida por Trump<\/p>\n<p class=\"paragraph\" data-mrf-recirculation=\"Links inline\">suman 145%.<\/p>\n<p class=\"paragraph\" data-mrf-recirculation=\"Links inline\">Esta medida sacudi\u00f3 los mercados mundiales y llev\u00f3 a Pek\u00edn a imponer grav\u00e1menes de 125% para los productos estadounidenses.<\/p>\n<p class=\"paragraph\" data-mrf-recirculation=\"Links inline\">En plena guerra comercial con Washington, China anunci\u00f3 el lunes que sus exportaciones se dispararon 12,4% interanual en marzo<\/p>\n<p class=\"paragraph\" data-mrf-recirculation=\"Links inline\">superando las expectativas.<\/p>\n<p class=\"paragraph\" data-mrf-recirculation=\"Links inline\">La cifra es m\u00e1s del doble del 4,6% proyectado en un sondeo de la agencia financiera Bloomberg.<\/p>\n<p class=\"paragraph\" data-mrf-recirculation=\"Links inline\">Sin embargo, las importaciones en el mismo per\u00edodo cayeron 4,3%, indic\u00f3 la Administraci\u00f3n General de Aduanas de China. <strong>(I)<\/strong><\/p>\n<p class=\"paragraph\" data-mrf-recirculation=\"Links inline\"><strong><i>(Con informaci\u00f3n de EFE y AFP)<\/i><\/strong><\/p>\n<p data-mrf-recirculation=\"Links inline\"><strong>Fuente:<\/strong> evafm.net &#8211; infobae.com<\/p>\n<p data-mrf-recirculation=\"Links inline\">\n<div class=\"gsp_post_data\" \r\n\t            data-post_type=\"post\" \r\n\t            data-cat=\"general,noticias-internacionales,uncategorized\" \r\n\t            data-modified=\"120\"\r\n\t            data-created=\"1744652016\"\r\n\t            data-title=\"Donald Trump acus\u00f3 a China y Vietnam por aranceles\" \r\n\t            data-home=\"https:\/\/www.evafm.net\/sitio\"><\/div>","protected":false},"excerpt":{"rendered":"<p>El presidente de Estados Unidos,\u00a0Donald Trump, asegur\u00f3 este lunes que el encuentro mantenido en Hanoi entre el presidente de China,\u00a0Xi\u00a0Jinping. y el m\u00e1ximo dirigente vietnamita, To Lam, busc\u00f3 estudiar maneras de perjudicar a su pa\u00eds en el marco de la actual guerra comercial que ha desencadenado Washington. \u201cNo culpo a China ni a Vietnam. Veo&#8230;<\/p>\n","protected":false},"author":5,"featured_media":88176,"comment_status":"closed","ping_status":"open","sticky":false,"template":"","format":"standard","meta":{"_joinchat":[],"footnotes":""},"categories":[1720,1345,1],"tags":[],"class_list":["post-88140","post","type-post","status-publish","format-standard","has-post-thumbnail","hentry","category-general","category-noticias-internacionales","category-uncategorized","have-post-thumb"],"_links":{"self":[{"href":"https:\/\/www.evafm.net\/sitio\/wp-json\/wp\/v2\/posts\/88140","targetHints":{"allow":["GET"]}}],"collection":[{"href":"https:\/\/www.evafm.net\/sitio\/wp-json\/wp\/v2\/posts"}],"about":[{"href":"https:\/\/www.evafm.net\/sitio\/wp-json\/wp\/v2\/types\/post"}],"author":[{"embeddable":true,"href":"https:\/\/www.evafm.net\/sitio\/wp-json\/wp\/v2\/users\/5"}],"replies":[{"embeddable":true,"href":"https:\/\/www.evafm.net\/sitio\/wp-json\/wp\/v2\/comments?post=88140"}],"version-history":[{"count":1,"href":"https:\/\/www.evafm.net\/sitio\/wp-json\/wp\/v2\/posts\/88140\/revisions"}],"predecessor-version":[{"id":88177,"href":"https:\/\/www.evafm.net\/sitio\/wp-json\/wp\/v2\/posts\/88140\/revisions\/88177"}],"wp:featuredmedia":[{"embeddable":true,"href":"https:\/\/www.evafm.net\/sitio\/wp-json\/wp\/v2\/media\/88176"}],"wp:attachment":[{"href":"https:\/\/www.evafm.net\/sitio\/wp-json\/wp\/v2\/media?parent=88140"}],"wp:term":[{"taxonomy":"category","embeddable":true,"href":"https:\/\/www.evafm.net\/sitio\/wp-json\/wp\/v2\/categories?post=88140"},{"taxonomy":"post_tag","embeddable":true,"href":"https:\/\/www.evafm.net\/sitio\/wp-json\/wp\/v2\/tags?post=88140"}],"curies":[{"name":"wp","href":"https:\/\/api.w.org\/{rel}","templated":true}]}}