{"id":88141,"date":"2025-04-14T17:35:16","date_gmt":"2025-04-14T22:35:16","guid":{"rendered":"https:\/\/www.evafm.net\/sitio\/?p=88141"},"modified":"2025-04-14T17:35:39","modified_gmt":"2025-04-14T22:35:39","slug":"octavio-rivero-sera-baja-en-barcelona-sc-con-orense","status":"publish","type":"post","link":"https:\/\/www.evafm.net\/sitio\/octavio-rivero-sera-baja-en-barcelona-sc-con-orense\/","title":{"rendered":"Octavio Rivero ser\u00e1 baja en Barcelona SC con Orense"},"content":{"rendered":"<p><strong>Barcelona S.C<\/strong> no podr\u00e1 contar con el delantero <strong>uruguayo Octavio Rivero<\/strong> para la f<strong>echa 8 de la LigaPro<\/strong>, en la que el equipo torero visitar\u00e1 a <strong>Orense.<\/strong><\/p>\n<p>en el <strong>estadio 9 de Mayo de Machala.<\/strong><\/p>\n<p>&nbsp;<\/p>\n<p>Seg\u00fan el informe m\u00e9dico oficial del club, Rivero sufre una sobrecarga muscular en su isquiotibial izquierdo.<\/p>\n<p>Actualmente, el jugador se encuentra bajo tratamiento mediante sesiones de terapia con el objetivo de lograr una recuperaci\u00f3n \u00f3ptima.<\/p>\n<p>&nbsp;<\/p>\n<p>Desde el cuerpo t\u00e9cnico, encabezado por<strong> Segundo Castillo<\/strong> se tom\u00f3 la decisi\u00f3n de preservar al futbolista no solo por la dolencia muscular<\/p>\n<p>sino tambi\u00e9n como una medida preventiva frente al alto desgaste f\u00edsico que ha representado el calendario, que incluye partidos de<\/p>\n<p><strong>LigaPro y Copa Libertadores.<\/strong><\/p>\n<p>&nbsp;<\/p>\n<p>La prioridad del cuerpo m\u00e9dico y t\u00e9cnico es que Rivero pueda recuperarse completamente y estar disponible para los pr\u00f3ximos desaf\u00edos<\/p>\n<p>tanto a nivel local como internacional, evitando una posible reca\u00edda.<\/p>\n<p>Su ausencia representa una baja importante, considerando su aporte ofensivo en las \u00faltimas jornadas. <strong>(D)<\/strong><\/p>\n<p>&nbsp;<\/p>\n<p><strong>Fuente:<\/strong> evafm.net &#8211; studiofutbol.com.ec<\/p>\n<p>&nbsp;<\/p>\n<p>&nbsp;<\/p>\n<div class=\"gsp_post_data\" \r\n\t            data-post_type=\"post\" \r\n\t            data-cat=\"deportes-ecuador,general,uncategorized\" \r\n\t            data-modified=\"120\"\r\n\t            data-created=\"1744652116\"\r\n\t            data-title=\"Octavio Rivero ser\u00e1 baja en Barcelona SC con Orense\" \r\n\t            data-home=\"https:\/\/www.evafm.net\/sitio\"><\/div>","protected":false},"excerpt":{"rendered":"<p>Barcelona S.C no podr\u00e1 contar con el delantero uruguayo Octavio Rivero para la fecha 8 de la LigaPro, en la que el equipo torero visitar\u00e1 a Orense. en el estadio 9 de Mayo de Machala. &nbsp; Seg\u00fan el informe m\u00e9dico oficial del club, Rivero sufre una sobrecarga muscular en su isquiotibial izquierdo. Actualmente, el jugador&#8230;<\/p>\n","protected":false},"author":5,"featured_media":88178,"comment_status":"closed","ping_status":"open","sticky":false,"template":"","format":"standard","meta":{"_joinchat":[],"footnotes":""},"categories":[1557,1720,1],"tags":[],"class_list":["post-88141","post","type-post","status-publish","format-standard","has-post-thumbnail","hentry","category-deportes-ecuador","category-general","category-uncategorized","have-post-thumb"],"_links":{"self":[{"href":"https:\/\/www.evafm.net\/sitio\/wp-json\/wp\/v2\/posts\/88141","targetHints":{"allow":["GET"]}}],"collection":[{"href":"https:\/\/www.evafm.net\/sitio\/wp-json\/wp\/v2\/posts"}],"about":[{"href":"https:\/\/www.evafm.net\/sitio\/wp-json\/wp\/v2\/types\/post"}],"author":[{"embeddable":true,"href":"https:\/\/www.evafm.net\/sitio\/wp-json\/wp\/v2\/users\/5"}],"replies":[{"embeddable":true,"href":"https:\/\/www.evafm.net\/sitio\/wp-json\/wp\/v2\/comments?post=88141"}],"version-history":[{"count":1,"href":"https:\/\/www.evafm.net\/sitio\/wp-json\/wp\/v2\/posts\/88141\/revisions"}],"predecessor-version":[{"id":88179,"href":"https:\/\/www.evafm.net\/sitio\/wp-json\/wp\/v2\/posts\/88141\/revisions\/88179"}],"wp:featuredmedia":[{"embeddable":true,"href":"https:\/\/www.evafm.net\/sitio\/wp-json\/wp\/v2\/media\/88178"}],"wp:attachment":[{"href":"https:\/\/www.evafm.net\/sitio\/wp-json\/wp\/v2\/media?parent=88141"}],"wp:term":[{"taxonomy":"category","embeddable":true,"href":"https:\/\/www.evafm.net\/sitio\/wp-json\/wp\/v2\/categories?post=88141"},{"taxonomy":"post_tag","embeddable":true,"href":"https:\/\/www.evafm.net\/sitio\/wp-json\/wp\/v2\/tags?post=88141"}],"curies":[{"name":"wp","href":"https:\/\/api.w.org\/{rel}","templated":true}]}}