{"id":88157,"date":"2025-04-14T17:37:39","date_gmt":"2025-04-14T22:37:39","guid":{"rendered":"https:\/\/www.evafm.net\/sitio\/?p=88157"},"modified":"2025-04-14T17:37:39","modified_gmt":"2025-04-14T22:37:39","slug":"paula-torres-gana-oro-en-gran-premio-de-rio-maior-de-portugal","status":"publish","type":"post","link":"https:\/\/www.evafm.net\/sitio\/paula-torres-gana-oro-en-gran-premio-de-rio-maior-de-portugal\/","title":{"rendered":"Paula Torres gana oro en Gran Premio de R\u00edo Maior de Portugal"},"content":{"rendered":"<p><span class=\"css-1jxf684 r-bcqeeo r-1ttztb7 r-qvutc0 r-poiln3\">(R\u00edo Maior, abril 14).- La marchista ecuatoriana Paula Torres, se coron\u00f3 como la ganadora del Gran Premio Internacional de Rio Maior, en los 20 km marcha.<\/span><\/p>\n<p><span class=\"css-1jxf684 r-bcqeeo r-1ttztb7 r-qvutc0 r-poiln3\"> con un tiempo de 1h29m38s. <\/span><\/p>\n<p><span class=\"css-1jxf684 r-bcqeeo r-1ttztb7 r-qvutc0 r-poiln3\">E<\/span><span class=\"css-1jxf684 r-bcqeeo r-1ttztb7 r-qvutc0 r-poiln3\">n la prueba super\u00f3 a la campeona mundial, Kimberly Garc\u00eda, quien se ubic\u00f3 14 segundos por detr\u00e1s de la compatriota..<\/span><\/p>\n<p>Torres logr\u00f3 un triunfo hist\u00f3rico en los 20 kil\u00f3metros marcha en el Gran Premio Internacional de Rio Maior, al convertirse en la primera ecuatoriana en alcanzar<\/p>\n<p>este t\u00edtulo, evento que ya fue ganado tambi\u00e9n por Daniel Pintado en tres oportunidades de manera consecutiva entre 2022 y 2024.<\/p>\n<p>&nbsp;<\/p>\n<p>Torres, cuencana de 24 a\u00f1os y disc\u00edpula de Andr\u00e9s Chocho, sigue en ascenso, ya que en los Juegos Ol\u00edmpicos de Par\u00eds 2024 alcanz\u00f3 el noveno lugar, ahora<\/p>\n<p>se mete en la \u00e9lite mundial al alcanzar este titulo.<\/p>\n<p>El triunfo de Paula Torres en el Gran Premio de Rio Maior no solo representa un logro personal, sino que tambi\u00e9n simboliza el crecimiento y la proyecci\u00f3n<\/p>\n<p>del atletismo ecuatoriano en el \u00e1mbito internacional.<\/p>\n<p>Su \u00e9xito inspira a nuevas generaciones de atletas y destaca el potencial del deporte nacional en competencias de alto nivel. <strong>(D)<\/strong><\/p>\n<p>&nbsp;<\/p>\n<p><strong>Fuente:<\/strong> evafm.net &#8211; revistawinner.ec<\/p>\n<div class=\"gsp_post_data\" \r\n\t            data-post_type=\"post\" \r\n\t            data-cat=\"deportes-internacionales,general,uncategorized\" \r\n\t            data-modified=\"120\"\r\n\t            data-created=\"1744652259\"\r\n\t            data-title=\"Paula Torres gana oro en Gran Premio de R\u00edo Maior de Portugal\" \r\n\t            data-home=\"https:\/\/www.evafm.net\/sitio\"><\/div>","protected":false},"excerpt":{"rendered":"<p>(R\u00edo Maior, abril 14).- La marchista ecuatoriana Paula Torres, se coron\u00f3 como la ganadora del Gran Premio Internacional de Rio Maior, en los 20 km marcha. con un tiempo de 1h29m38s. En la prueba super\u00f3 a la campeona mundial, Kimberly Garc\u00eda, quien se ubic\u00f3 14 segundos por detr\u00e1s de la compatriota.. Torres logr\u00f3 un triunfo&#8230;<\/p>\n","protected":false},"author":5,"featured_media":88180,"comment_status":"closed","ping_status":"open","sticky":false,"template":"","format":"standard","meta":{"_joinchat":[],"footnotes":""},"categories":[1342,1720,1],"tags":[],"class_list":["post-88157","post","type-post","status-publish","format-standard","has-post-thumbnail","hentry","category-deportes-internacionales","category-general","category-uncategorized","have-post-thumb"],"_links":{"self":[{"href":"https:\/\/www.evafm.net\/sitio\/wp-json\/wp\/v2\/posts\/88157","targetHints":{"allow":["GET"]}}],"collection":[{"href":"https:\/\/www.evafm.net\/sitio\/wp-json\/wp\/v2\/posts"}],"about":[{"href":"https:\/\/www.evafm.net\/sitio\/wp-json\/wp\/v2\/types\/post"}],"author":[{"embeddable":true,"href":"https:\/\/www.evafm.net\/sitio\/wp-json\/wp\/v2\/users\/5"}],"replies":[{"embeddable":true,"href":"https:\/\/www.evafm.net\/sitio\/wp-json\/wp\/v2\/comments?post=88157"}],"version-history":[{"count":1,"href":"https:\/\/www.evafm.net\/sitio\/wp-json\/wp\/v2\/posts\/88157\/revisions"}],"predecessor-version":[{"id":88181,"href":"https:\/\/www.evafm.net\/sitio\/wp-json\/wp\/v2\/posts\/88157\/revisions\/88181"}],"wp:featuredmedia":[{"embeddable":true,"href":"https:\/\/www.evafm.net\/sitio\/wp-json\/wp\/v2\/media\/88180"}],"wp:attachment":[{"href":"https:\/\/www.evafm.net\/sitio\/wp-json\/wp\/v2\/media?parent=88157"}],"wp:term":[{"taxonomy":"category","embeddable":true,"href":"https:\/\/www.evafm.net\/sitio\/wp-json\/wp\/v2\/categories?post=88157"},{"taxonomy":"post_tag","embeddable":true,"href":"https:\/\/www.evafm.net\/sitio\/wp-json\/wp\/v2\/tags?post=88157"}],"curies":[{"name":"wp","href":"https:\/\/api.w.org\/{rel}","templated":true}]}}