{"id":88182,"date":"2025-04-15T19:53:39","date_gmt":"2025-04-16T00:53:39","guid":{"rendered":"https:\/\/www.evafm.net\/sitio\/?p=88182"},"modified":"2025-04-15T19:54:09","modified_gmt":"2025-04-16T00:54:09","slug":"daniel-noboa-saluda-a-sus-simpatizantes-desde-el-palacio-de-carondelet","status":"publish","type":"post","link":"https:\/\/www.evafm.net\/sitio\/daniel-noboa-saluda-a-sus-simpatizantes-desde-el-palacio-de-carondelet\/","title":{"rendered":"Daniel Noboa saluda a sus simpatizantes desde el Palacio de Carondelet"},"content":{"rendered":"<p>Con v\u00edtores, gritos y aplausos fue recibido el presidente\u00a0<a href=\"https:\/\/www.ecuavisa.com\/metadatos\/-\/meta\/daniel-noboa\" target=\"_blank\" rel=\"noopener noreferrer\">Daniel Noboa<\/a>\u00a0tras su aparecimiento en el balc\u00f3n del\u00a0<b>Palacio de Carondelet<\/b>\u00a0para participar del<\/p>\n<p><b>Cambio de Guardia Presidencial<\/b>.<\/p>\n<p>La euforia de los simpatizantes fue m\u00e1s con los gestos del primog\u00e9nito de Noboa,\u00a0<b>Alvarito<\/b>, quien tambi\u00e9n estaba acompa\u00f1ado de su madre.<\/p>\n<p><b>Lavinia Valbonesi<\/b>.<\/p>\n<div id=\"sunmedia-div\"><\/div>\n<p>Los granaderos de Tarqui montaron un desfile al pie del Palacio.<\/p>\n<p>Tras esto,\u00a0<b>Noboa dio un discurso<\/b>\u00a0de agradecimiento junto a la vicepresidenta electa, <strong>Mar\u00eda Jos\u00e9 Pinto.<\/strong><\/p>\n<p>&nbsp;<\/p>\n<p>\u00abYa se respira un aire diferente, un aire de libertad, un aire de justicia. Ya podemos estar tranquilos porque cuatro a\u00f1os estaremos sirvi\u00e9ndolos.<\/p>\n<p><b>Ha sido una lucha muy fuerte, pero el bien venci\u00f3 al mal.<\/b>\u00a0La justicia venci\u00f3 a la impunidad y la libertad venci\u00f3 a la opresi\u00f3n\u00bb, manifest\u00f3.<\/p>\n<p>&nbsp;<\/p>\n<p><b>Agradeci\u00f3<\/b>\u00a0nuevamente a sus ministros, a la vicepresidenta electa, a su familia y a los ciudadanos que votaron por \u00e9l.<\/p>\n<p>Cerr\u00f3 su intervenci\u00f3n estrechando manos con\u00a0<b>Mar\u00eda Jos\u00e9 Pinto\u00a0<\/b>y levantando sus brazos en se\u00f1al de triunfo.<\/p>\n<p>&nbsp;<\/p>\n<p>Poco despu\u00e9s del gabinete ministerial se despidi\u00f3 e ingres\u00f3 al Palacio.<\/p>\n<p>Cientos de\u00a0<b>simpatizantes del presidente Daniel Noboa<\/b>\u00a0se concentraron en la Plaza Grande, Centro Hist\u00f3rico de Quito, desde la ma\u00f1ana<\/p>\n<p>de este martes 15 de abril.<\/p>\n<p>Los ciudadanos llegaron vestidos con prendas de color morado, del partido Acci\u00f3n Democr\u00e1tica Nacional (ADN) y las figuras de Noboa de cart\u00f3n.<\/p>\n<p>&nbsp;<\/p>\n<p>Noboa y la primera dama, Lavinia Valbonesi, llegaron la noche del lunes al Palacio de Carondelet y fueron recibidos con alfombra roja y un juego<\/p>\n<p>de luces de color morado.<\/p>\n<p>Tambi\u00e9n hubo un grupo de ciudadanos que lo esperaron en la Plaza Grande y el Primer Mandatario los salud\u00f3 desde el balc\u00f3n.<\/p>\n<p>&nbsp;<\/p>\n<p>El domingo 13 de abril,\u00a0<b>Noboa logr\u00f3 una marcada diferencia de puntos<\/b>\u00a0con su contendora electoral, Luisa Gonz\u00e1lez, la candidata del corre\u00edsmo.<\/p>\n<p>De esta manera, Noboa se quedar\u00e1 en el poder que ya viene desempe\u00f1ando desde noviembre 2023 y reci\u00e9n desde mayo 2025 empezar\u00e1 a cumplir<\/p>\n<p>un mandato de cuatro a\u00f1os hasta 2029. <strong>(I)<\/strong><\/p>\n<p>&nbsp;<\/p>\n<p><strong>Fuente:<\/strong> evafm.net<\/p>\n<p>&nbsp;<\/p>\n<p>&nbsp;<\/p>\n<div class=\"gsp_post_data\" \r\n\t            data-post_type=\"post\" \r\n\t            data-cat=\"general,noticias-ecuador,uncategorized\" \r\n\t            data-modified=\"120\"\r\n\t            data-created=\"1744746819\"\r\n\t            data-title=\"Daniel Noboa saluda a sus simpatizantes desde el Palacio de Carondelet\" \r\n\t            data-home=\"https:\/\/www.evafm.net\/sitio\"><\/div>","protected":false},"excerpt":{"rendered":"<p>Con v\u00edtores, gritos y aplausos fue recibido el presidente\u00a0Daniel Noboa\u00a0tras su aparecimiento en el balc\u00f3n del\u00a0Palacio de Carondelet\u00a0para participar del Cambio de Guardia Presidencial. La euforia de los simpatizantes fue m\u00e1s con los gestos del primog\u00e9nito de Noboa,\u00a0Alvarito, quien tambi\u00e9n estaba acompa\u00f1ado de su madre. Lavinia Valbonesi. Los granaderos de Tarqui montaron un desfile al&#8230;<\/p>\n","protected":false},"author":5,"featured_media":88218,"comment_status":"closed","ping_status":"open","sticky":false,"template":"","format":"standard","meta":{"_joinchat":[],"footnotes":""},"categories":[1720,1558,1],"tags":[],"class_list":["post-88182","post","type-post","status-publish","format-standard","has-post-thumbnail","hentry","category-general","category-noticias-ecuador","category-uncategorized","have-post-thumb"],"_links":{"self":[{"href":"https:\/\/www.evafm.net\/sitio\/wp-json\/wp\/v2\/posts\/88182","targetHints":{"allow":["GET"]}}],"collection":[{"href":"https:\/\/www.evafm.net\/sitio\/wp-json\/wp\/v2\/posts"}],"about":[{"href":"https:\/\/www.evafm.net\/sitio\/wp-json\/wp\/v2\/types\/post"}],"author":[{"embeddable":true,"href":"https:\/\/www.evafm.net\/sitio\/wp-json\/wp\/v2\/users\/5"}],"replies":[{"embeddable":true,"href":"https:\/\/www.evafm.net\/sitio\/wp-json\/wp\/v2\/comments?post=88182"}],"version-history":[{"count":1,"href":"https:\/\/www.evafm.net\/sitio\/wp-json\/wp\/v2\/posts\/88182\/revisions"}],"predecessor-version":[{"id":88217,"href":"https:\/\/www.evafm.net\/sitio\/wp-json\/wp\/v2\/posts\/88182\/revisions\/88217"}],"wp:featuredmedia":[{"embeddable":true,"href":"https:\/\/www.evafm.net\/sitio\/wp-json\/wp\/v2\/media\/88218"}],"wp:attachment":[{"href":"https:\/\/www.evafm.net\/sitio\/wp-json\/wp\/v2\/media?parent=88182"}],"wp:term":[{"taxonomy":"category","embeddable":true,"href":"https:\/\/www.evafm.net\/sitio\/wp-json\/wp\/v2\/categories?post=88182"},{"taxonomy":"post_tag","embeddable":true,"href":"https:\/\/www.evafm.net\/sitio\/wp-json\/wp\/v2\/tags?post=88182"}],"curies":[{"name":"wp","href":"https:\/\/api.w.org\/{rel}","templated":true}]}}