{"id":88184,"date":"2025-04-15T19:58:23","date_gmt":"2025-04-16T00:58:23","guid":{"rendered":"https:\/\/www.evafm.net\/sitio\/?p=88184"},"modified":"2025-04-15T19:58:23","modified_gmt":"2025-04-16T00:58:23","slug":"tension-en-el-nacional-policia-resguarda-complejo","status":"publish","type":"post","link":"https:\/\/www.evafm.net\/sitio\/tension-en-el-nacional-policia-resguarda-complejo\/","title":{"rendered":"Tensi\u00f3n en El Nacional Polic\u00eda resguarda complejo"},"content":{"rendered":"<p>El ambiente en <strong>El Nacional<\/strong> se ha tornado tenso tras la \u00faltima derrota del equipo en la <strong>LigaPro. <\/strong><\/p>\n<p>Este martes, la <strong>Polic\u00eda Nacional<\/strong> despleg\u00f3 un operativo de seguridad en las instalaciones del complejo del club, ante la posible llegada de miembros<\/p>\n<p>de barras organizadas que tienen previsto reclamar por el mal momento deportivo que atraviesa el equipo.<\/p>\n<p>&nbsp;<\/p>\n<p class=\"\" data-start=\"580\" data-end=\"782\">La informaci\u00f3n fue reportada por el periodista <strong>Stalin Cobe\u00f1a<\/strong>, quien indic\u00f3 que la medida preventiva busca evitar incidentes y proteger la integridad<\/p>\n<p class=\"\" data-start=\"580\" data-end=\"782\">de los jugadores, cuerpo t\u00e9cnico y personal del club.<\/p>\n<p class=\"\" data-start=\"784\" data-end=\"1022\">El Nacional cay\u00f3 1-3 frente a Independiente del Valle en la jornada 8 del torneo ecuatoriano, resultado que lo deja en el \u00faltimo lugar de la tabla con<\/p>\n<p class=\"\" data-start=\"784\" data-end=\"1022\">apenas 5 puntos en ocho fechas, encendiendo las alarmas entre sus hinchas y directivos.<\/p>\n<p class=\"\" data-start=\"1024\" data-end=\"1294\">El club, hist\u00f3ricamente uno de los m\u00e1s emblem\u00e1ticos del f\u00fatbol ecuatoriano, atraviesa una crisis de resultados que ha generado preocupaci\u00f3n en su<\/p>\n<p class=\"\" data-start=\"1024\" data-end=\"1294\">hinchada, especialmente por el bajo rendimiento mostrado tanto de local como de visitante en lo que va de la temporada 2025.<\/p>\n<p class=\"\" data-start=\"1296\" data-end=\"1467\">Hasta el momento, la dirigencia de El Nacional no ha emitido un comunicado oficial sobre los hechos ni sobre posibles medidas ante la creciente<\/p>\n<p class=\"\" data-start=\"1296\" data-end=\"1467\">presi\u00f3n de los aficionados.<strong> (D)<\/strong><\/p>\n<p data-start=\"1296\" data-end=\"1467\"><strong>Fuente:<\/strong> evafm.net &#8211; studiofutbol.cm.ec<\/p>\n<div class=\"gsp_post_data\" \r\n\t            data-post_type=\"post\" \r\n\t            data-cat=\"deportes-ecuador,general,uncategorized\" \r\n\t            data-modified=\"120\"\r\n\t            data-created=\"1744747103\"\r\n\t            data-title=\"Tensi\u00f3n en El Nacional Polic\u00eda resguarda complejo\" \r\n\t            data-home=\"https:\/\/www.evafm.net\/sitio\"><\/div>","protected":false},"excerpt":{"rendered":"<p>El ambiente en El Nacional se ha tornado tenso tras la \u00faltima derrota del equipo en la LigaPro. Este martes, la Polic\u00eda Nacional despleg\u00f3 un operativo de seguridad en las instalaciones del complejo del club, ante la posible llegada de miembros de barras organizadas que tienen previsto reclamar por el mal momento deportivo que atraviesa&#8230;<\/p>\n","protected":false},"author":5,"featured_media":88221,"comment_status":"closed","ping_status":"open","sticky":false,"template":"","format":"standard","meta":{"_joinchat":[],"footnotes":""},"categories":[1557,1720,1],"tags":[],"class_list":["post-88184","post","type-post","status-publish","format-standard","has-post-thumbnail","hentry","category-deportes-ecuador","category-general","category-uncategorized","have-post-thumb"],"_links":{"self":[{"href":"https:\/\/www.evafm.net\/sitio\/wp-json\/wp\/v2\/posts\/88184","targetHints":{"allow":["GET"]}}],"collection":[{"href":"https:\/\/www.evafm.net\/sitio\/wp-json\/wp\/v2\/posts"}],"about":[{"href":"https:\/\/www.evafm.net\/sitio\/wp-json\/wp\/v2\/types\/post"}],"author":[{"embeddable":true,"href":"https:\/\/www.evafm.net\/sitio\/wp-json\/wp\/v2\/users\/5"}],"replies":[{"embeddable":true,"href":"https:\/\/www.evafm.net\/sitio\/wp-json\/wp\/v2\/comments?post=88184"}],"version-history":[{"count":1,"href":"https:\/\/www.evafm.net\/sitio\/wp-json\/wp\/v2\/posts\/88184\/revisions"}],"predecessor-version":[{"id":88222,"href":"https:\/\/www.evafm.net\/sitio\/wp-json\/wp\/v2\/posts\/88184\/revisions\/88222"}],"wp:featuredmedia":[{"embeddable":true,"href":"https:\/\/www.evafm.net\/sitio\/wp-json\/wp\/v2\/media\/88221"}],"wp:attachment":[{"href":"https:\/\/www.evafm.net\/sitio\/wp-json\/wp\/v2\/media?parent=88184"}],"wp:term":[{"taxonomy":"category","embeddable":true,"href":"https:\/\/www.evafm.net\/sitio\/wp-json\/wp\/v2\/categories?post=88184"},{"taxonomy":"post_tag","embeddable":true,"href":"https:\/\/www.evafm.net\/sitio\/wp-json\/wp\/v2\/tags?post=88184"}],"curies":[{"name":"wp","href":"https:\/\/api.w.org\/{rel}","templated":true}]}}