{"id":88186,"date":"2025-04-15T14:54:42","date_gmt":"2025-04-15T19:54:42","guid":{"rendered":"https:\/\/www.evafm.net\/sitio\/?p=88186"},"modified":"2025-04-15T14:54:42","modified_gmt":"2025-04-15T19:54:42","slug":"omar-asad-en-la-cuerda-floja","status":"publish","type":"post","link":"https:\/\/www.evafm.net\/sitio\/omar-asad-en-la-cuerda-floja\/","title":{"rendered":"Omar Asad en la cuerda floja"},"content":{"rendered":"<p><strong>El Nacional<\/strong> no levanta cabeza. El equipo quite\u00f1o volvi\u00f3 a caer derrotado, esta vez por 1-3 frente a Independiente del Valle, y se hunde en el<strong> \u00faltimo lugar.<\/strong><\/p>\n<p>de la tabla de la<strong> LigaPro.<\/strong><\/p>\n<p>&nbsp;<\/p>\n<p>Las estad\u00edsticas son claras: con Omar Asad al frente, el conjunto militar ha conseguido solo dos victorias en <strong>13 encuentros disputados<\/strong> en todas las<\/p>\n<p>competiciones.<\/p>\n<p>A esto se suman la derrota en la final de la Supercopa Ecuador y la temprana eliminaci\u00f3n de la <strong>Copa Libertadores.<\/strong><\/p>\n<p>&nbsp;<\/p>\n<p class=\"\" data-start=\"576\" data-end=\"760\">El ambiente entre los aficionados es cada vez m\u00e1s tenso. El lunes por la tarde, un grupo de hinchas expres\u00f3 su molestia abucheando a los jugadores<\/p>\n<p class=\"\" data-start=\"576\" data-end=\"760\">y exigiendo la salida del entrenador.<\/p>\n<p data-start=\"762\" data-end=\"994\">\n<p class=\"\" data-start=\"762\" data-end=\"994\">Ante esta situaci\u00f3n, <strong>Marco Pazos<\/strong>, presidente del club, declar\u00f3 que est\u00e1n evaluando la continuidad de<strong> Asad. <\/strong><\/p>\n<p class=\"\" data-start=\"762\" data-end=\"994\">\u201cEste martes tendremos una reuni\u00f3n de directorio, discutiremos por la noche y tomaremos decisiones como instituci\u00f3n\u201d, se\u00f1al\u00f3.<\/p>\n<p data-start=\"996\" data-end=\"1148\">\n<p class=\"\" data-start=\"996\" data-end=\"1148\">Pazos tambi\u00e9n mencion\u00f3 que, por ahora, no se ha considerado a ning\u00fan candidato para reemplazar al t\u00e9cnico argentino, en caso de que se decida<\/p>\n<p class=\"\" data-start=\"996\" data-end=\"1148\">su salida.<\/p>\n<div class=\"google-auto-placed ap_container\"><ins class=\"adsbygoogle adsbygoogle-noablate\" data-ad-format=\"auto\" data-ad-client=\"ca-pub-2643299515398477\" data-adsbygoogle-status=\"done\" data-ad-status=\"unfilled\"><\/p>\n<div id=\"aswift_1_host\"><\/div>\n<p><\/ins><\/div>\n<p class=\"\" data-start=\"1150\" data-end=\"1367\">El tiempo apremia, ya que el equipo debe viajar a Guayaquil el jueves por la tarde para enfrentar a <strong>Barcelona SC<\/strong> el <strong>viernes 18 de abril<\/strong> a las <strong>19:00 <\/strong><\/p>\n<p class=\"\" data-start=\"1150\" data-end=\"1367\">en el estadio<strong> Banco Pichincha, en una nueva jornada del torneo local. (D)<\/strong><\/p>\n<p data-start=\"1150\" data-end=\"1367\">\n<blockquote class=\"twitter-tweet\" data-width=\"550\" data-dnt=\"true\">\n<p lang=\"es\" dir=\"ltr\">\ud83d\udea8ATENCI\u00d3N | \u201cMa\u00f1ana tendremos reuni\u00f3n de directorio y se tomar\u00e1n decisiones\u201d<\/p>\n<p>Marco Pazos, presidente de <a href=\"https:\/\/twitter.com\/elnacionalec?ref_src=twsrc%5Etfw\">@elnacionalec<\/a> <a href=\"https:\/\/twitter.com\/hashtag\/ElNacional?src=hash&amp;ref_src=twsrc%5Etfw\">#ElNacional<\/a> <a href=\"https:\/\/t.co\/dRp2KXafBq\">pic.twitter.com\/dRp2KXafBq<\/a><\/p>\n<p>&mdash; Jorge Eduardo Pe\u00f1afiel \u26bd\ufe0f\ud83d\ude09 (@JorgeSports10) <a href=\"https:\/\/twitter.com\/JorgeSports10\/status\/1911929248803172763?ref_src=twsrc%5Etfw\">April 14, 2025<\/a><\/p><\/blockquote>\n<p><script async src=\"https:\/\/platform.twitter.com\/widgets.js\" charset=\"utf-8\"><\/script><\/p>\n<p data-start=\"1150\" data-end=\"1367\">\n<p data-start=\"1150\" data-end=\"1367\"><strong>Fuente:<\/strong> evafm.net &#8211; studiofutbol.com.ec<\/p>\n<div class=\"gsp_post_data\" \r\n\t            data-post_type=\"post\" \r\n\t            data-cat=\"deportes-ecuador\" \r\n\t            data-modified=\"120\"\r\n\t            data-created=\"1744728882\"\r\n\t            data-title=\"Omar Asad en la cuerda floja\" \r\n\t            data-home=\"https:\/\/www.evafm.net\/sitio\"><\/div>","protected":false},"excerpt":{"rendered":"<p>El Nacional no levanta cabeza. El equipo quite\u00f1o volvi\u00f3 a caer derrotado, esta vez por 1-3 frente a Independiente del Valle, y se hunde en el \u00faltimo lugar. de la tabla de la LigaPro. &nbsp; Las estad\u00edsticas son claras: con Omar Asad al frente, el conjunto militar ha conseguido solo dos victorias en 13 encuentros&#8230;<\/p>\n","protected":false},"author":5,"featured_media":88187,"comment_status":"closed","ping_status":"open","sticky":false,"template":"","format":"standard","meta":{"_joinchat":[],"footnotes":""},"categories":[1557],"tags":[],"class_list":["post-88186","post","type-post","status-publish","format-standard","has-post-thumbnail","hentry","category-deportes-ecuador","have-post-thumb"],"_links":{"self":[{"href":"https:\/\/www.evafm.net\/sitio\/wp-json\/wp\/v2\/posts\/88186","targetHints":{"allow":["GET"]}}],"collection":[{"href":"https:\/\/www.evafm.net\/sitio\/wp-json\/wp\/v2\/posts"}],"about":[{"href":"https:\/\/www.evafm.net\/sitio\/wp-json\/wp\/v2\/types\/post"}],"author":[{"embeddable":true,"href":"https:\/\/www.evafm.net\/sitio\/wp-json\/wp\/v2\/users\/5"}],"replies":[{"embeddable":true,"href":"https:\/\/www.evafm.net\/sitio\/wp-json\/wp\/v2\/comments?post=88186"}],"version-history":[{"count":1,"href":"https:\/\/www.evafm.net\/sitio\/wp-json\/wp\/v2\/posts\/88186\/revisions"}],"predecessor-version":[{"id":88188,"href":"https:\/\/www.evafm.net\/sitio\/wp-json\/wp\/v2\/posts\/88186\/revisions\/88188"}],"wp:featuredmedia":[{"embeddable":true,"href":"https:\/\/www.evafm.net\/sitio\/wp-json\/wp\/v2\/media\/88187"}],"wp:attachment":[{"href":"https:\/\/www.evafm.net\/sitio\/wp-json\/wp\/v2\/media?parent=88186"}],"wp:term":[{"taxonomy":"category","embeddable":true,"href":"https:\/\/www.evafm.net\/sitio\/wp-json\/wp\/v2\/categories?post=88186"},{"taxonomy":"post_tag","embeddable":true,"href":"https:\/\/www.evafm.net\/sitio\/wp-json\/wp\/v2\/tags?post=88186"}],"curies":[{"name":"wp","href":"https:\/\/api.w.org\/{rel}","templated":true}]}}