{"id":88197,"date":"2025-04-15T18:15:08","date_gmt":"2025-04-15T23:15:08","guid":{"rendered":"https:\/\/www.evafm.net\/sitio\/?p=88197"},"modified":"2025-04-15T18:15:08","modified_gmt":"2025-04-15T23:15:08","slug":"fallece-ana-buljubasich-a-sus-66-anos","status":"publish","type":"post","link":"https:\/\/www.evafm.net\/sitio\/fallece-ana-buljubasich-a-sus-66-anos\/","title":{"rendered":"Fallece Ana Buljubasich a sus 66 a\u00f1os"},"content":{"rendered":"<p><b>Ana Buljubasich<\/b>, reconocida presentadora argentina radicada en el Ecuador desde 1971, falleci\u00f3 a sus\u00a0<b>66 a\u00f1os<\/b>\u00a0en la ma\u00f1ana del\u00a0<b>15 de abril<\/b>.<\/p>\n<p><b>Anita<\/b>, como era conocida por sus seguidores, fue trasladada a un\u00a0<b>hospital<\/b>\u00a0a causa de un fuerte dolor en el pecho, pero posteriormente<\/p>\n<p>se confirm\u00f3 su muerte por un paro cardiaco.<\/p>\n<p>&nbsp;<\/p>\n<p>Buljubasich llevaba retirada de las pantallas desde\u00a0<b>2022<\/b>, participando espor\u00e1dicamente en\u00a0<b>podcast<\/b>\u00a0y\u00a0<b>conferencias<\/b>\u00a0en varios puntos del<\/p>\n<p>Ecuador.<\/p>\n<p>El hecho, sorprendi\u00f3 a toda su familia, quienes adem\u00e1s, solicitaron\u00a0<b>privacidad<\/b>\u00a0a los medios de comunicaci\u00f3n y los seguidores de la ic\u00f3nica<\/p>\n<p>presentadora.<\/p>\n<p>&nbsp;<\/p>\n<p>Su \u00faltimo post en Instagram, se lo dedic\u00f3 a su hija\u00a0<b>Ana Paula<\/b>, quien el d\u00eda anterior cumpli\u00f3\u00a0<b>29 a\u00f1os<\/b>.<\/p>\n<p>Dicha publicaci\u00f3n est\u00e1 compuesta por una serie de\u00a0<b>fotograf\u00edas<\/b>\u00a0que comparte con su hija en distintos lugares, y cuya descripci\u00f3n dice:<\/p>\n<p>&nbsp;<\/p>\n<p>\u00ab\u00a1Estos 29 a\u00f1os han pasado volando, cada d\u00eda me sorprendes m\u00e1s, amo tu forma de ver la vida, tu madurez para encararla, y tu b\u00fasqueda<\/p>\n<p>constante de m\u00e1s!\u00bb<\/p>\n<p>&nbsp;<\/p>\n<p>Al igual que su madre,\u00a0<b>Ana Paula<\/b>\u00a0desarroll\u00f3 una carrera en el mundo del entretenimiento, participando como\u00a0<b>cantante l\u00edrica<\/b>\u00a0y siendo<\/p>\n<p>parte de\u00a0<b>producciones teatrales<\/b>.<\/p>\n<p>&nbsp;<\/p>\n<p>Anita es conocida sobre todo, por las amas de casa ecuatorianas, ya que la presentadora argentina particip\u00f3 en el programa matinal<\/p>\n<p><i><b>De casa en casa<\/b><\/i>, emitido por\u00a0<b>TC Televisi\u00f3n<\/b>\u00a0y que se mantuvo al aire por 15 temporadas consecutivas.<\/p>\n<p>&nbsp;<\/p>\n<p>Pero sus 36 a\u00f1os de trayectoria no se limitaron al \u00e1mbito televisivo, sino que tambi\u00e9n desarroll\u00f3 una\u00a0<b>carrera multifac\u00e9tica,\u00a0<\/b>en la que tuvo<\/p>\n<p>roles como\u00a0<b>actriz, presentadora, productora y directora<\/b>\u00a0de contenidos, consolid\u00e1ndose como referente de los\u00a0<b>programas familiares<\/b><\/p>\n<p>de la televisi\u00f3n antes de su retiro. <strong>(E)<\/strong><\/p>\n<p>&nbsp;<\/p>\n<p><iframe title=\"Ana Buljubasich habla del sacrificio entre el trabajo y la familia | Un Podcast con la Amix\ud83c\udf99\ufe0f\ud83d\udc81\u200d\u2640\ufe0f\" width=\"1200\" height=\"675\" src=\"https:\/\/www.youtube.com\/embed\/0Xf61q76R5w?feature=oembed\" frameborder=\"0\" allow=\"accelerometer; autoplay; clipboard-write; encrypted-media; gyroscope; picture-in-picture; web-share\" referrerpolicy=\"strict-origin-when-cross-origin\" allowfullscreen><\/iframe><\/p>\n<p>&nbsp;<\/p>\n<p><strong>Fuente:<\/strong> evafm.net &#8211; ecuavisa.com<\/p>\n<p>&nbsp;<\/p>\n<p>&nbsp;<\/p>\n<div class=\"gsp_post_data\" \r\n\t            data-post_type=\"post\" \r\n\t            data-cat=\"farandula-ecuatoriana,general\" \r\n\t            data-modified=\"120\"\r\n\t            data-created=\"1744740908\"\r\n\t            data-title=\"Fallece Ana Buljubasich a sus 66 a\u00f1os\" \r\n\t            data-home=\"https:\/\/www.evafm.net\/sitio\"><\/div>","protected":false},"excerpt":{"rendered":"<p>Ana Buljubasich, reconocida presentadora argentina radicada en el Ecuador desde 1971, falleci\u00f3 a sus\u00a066 a\u00f1os\u00a0en la ma\u00f1ana del\u00a015 de abril. Anita, como era conocida por sus seguidores, fue trasladada a un\u00a0hospital\u00a0a causa de un fuerte dolor en el pecho, pero posteriormente se confirm\u00f3 su muerte por un paro cardiaco. &nbsp; Buljubasich llevaba retirada de las&#8230;<\/p>\n","protected":false},"author":5,"featured_media":88198,"comment_status":"closed","ping_status":"open","sticky":false,"template":"","format":"standard","meta":{"_joinchat":[],"footnotes":""},"categories":[1562,1720],"tags":[],"class_list":["post-88197","post","type-post","status-publish","format-standard","has-post-thumbnail","hentry","category-farandula-ecuatoriana","category-general","have-post-thumb"],"_links":{"self":[{"href":"https:\/\/www.evafm.net\/sitio\/wp-json\/wp\/v2\/posts\/88197","targetHints":{"allow":["GET"]}}],"collection":[{"href":"https:\/\/www.evafm.net\/sitio\/wp-json\/wp\/v2\/posts"}],"about":[{"href":"https:\/\/www.evafm.net\/sitio\/wp-json\/wp\/v2\/types\/post"}],"author":[{"embeddable":true,"href":"https:\/\/www.evafm.net\/sitio\/wp-json\/wp\/v2\/users\/5"}],"replies":[{"embeddable":true,"href":"https:\/\/www.evafm.net\/sitio\/wp-json\/wp\/v2\/comments?post=88197"}],"version-history":[{"count":1,"href":"https:\/\/www.evafm.net\/sitio\/wp-json\/wp\/v2\/posts\/88197\/revisions"}],"predecessor-version":[{"id":88199,"href":"https:\/\/www.evafm.net\/sitio\/wp-json\/wp\/v2\/posts\/88197\/revisions\/88199"}],"wp:featuredmedia":[{"embeddable":true,"href":"https:\/\/www.evafm.net\/sitio\/wp-json\/wp\/v2\/media\/88198"}],"wp:attachment":[{"href":"https:\/\/www.evafm.net\/sitio\/wp-json\/wp\/v2\/media?parent=88197"}],"wp:term":[{"taxonomy":"category","embeddable":true,"href":"https:\/\/www.evafm.net\/sitio\/wp-json\/wp\/v2\/categories?post=88197"},{"taxonomy":"post_tag","embeddable":true,"href":"https:\/\/www.evafm.net\/sitio\/wp-json\/wp\/v2\/tags?post=88197"}],"curies":[{"name":"wp","href":"https:\/\/api.w.org\/{rel}","templated":true}]}}