{"id":88205,"date":"2025-04-15T19:05:39","date_gmt":"2025-04-16T00:05:39","guid":{"rendered":"https:\/\/www.evafm.net\/sitio\/?p=88205"},"modified":"2025-04-15T19:05:39","modified_gmt":"2025-04-16T00:05:39","slug":"nacional-perdio-con-independiente-1-3-ligapro-2025","status":"publish","type":"post","link":"https:\/\/www.evafm.net\/sitio\/nacional-perdio-con-independiente-1-3-ligapro-2025\/","title":{"rendered":"Nacional perdi\u00f3 con Independiente 1 &#8211; 3 LigaPro 2025"},"content":{"rendered":"<p>La informaci\u00f3n no se detiene con sabor a futbol la adrenalina infaltable acompa\u00f1ado con <strong>LigaPro 2025 Serie A Fecha 8 Fase Inicial.<\/strong><\/p>\n<p>se enfrentaron <strong>C.D. El Nacional vs C.A.R.E.I. del Valle, <\/strong>en el estadio<strong> Ol\u00edmpico Atahualpa.\u00a0<\/strong><\/p>\n<p>&nbsp;<\/p>\n<p><strong>Los Puros Criollos <\/strong>se vieron superados por <strong>El Rayado del Valle <\/strong>con el marcador de <strong>1 &#8211; 3<\/strong><\/p>\n<p>en la <strong>Fecha 9 Nacional<\/strong> visitara a <strong>Barcelona<\/strong> el<strong> viernes 18 de abril<\/strong> a las <strong>19:00 e<\/strong>n el estadio <strong>Monumental .\u00a0<\/strong><\/p>\n<p><strong>Independiente<\/strong> recibir\u00e1 al <strong>Manta<\/strong> el <strong>sabado 19 de abril<\/strong> a las <strong>19:00<\/strong> en el estadio del sector de <strong>Amagua\u00f1a. (D)<\/strong><\/p>\n<p>&nbsp;<\/p>\n<p><strong>Goles de Independiente:<\/strong><\/p>\n<p><strong>Michael Hoyos<\/strong> en el<strong> (minuto 11)<\/strong><\/p>\n<p><strong>Aron Rodr\u00edguez<\/strong> en el <strong>(minuto 23)<\/strong><\/p>\n<p><strong>Jean Pierre Arroyo<\/strong> en el <strong>(minuto 32)<\/strong><\/p>\n<p>&nbsp;<\/p>\n<p><strong>Gol de Nacional:<\/strong><\/p>\n<p><strong>Adri\u00e1n Cela<\/strong> en el <strong>(minuto 26)<\/strong><\/p>\n<p>&nbsp;<\/p>\n<p><iframe title=\"El Nacional 1 - 3 Independiente del Valle \/ Fecha 8 \/ LigaPro Ecuabet conectada por Xtrim\" width=\"1200\" height=\"675\" src=\"https:\/\/www.youtube.com\/embed\/JIvy_a-mUq0?feature=oembed\" frameborder=\"0\" allow=\"accelerometer; autoplay; clipboard-write; encrypted-media; gyroscope; picture-in-picture; web-share\" referrerpolicy=\"strict-origin-when-cross-origin\" allowfullscreen><\/iframe><\/p>\n<p>&nbsp;<\/p>\n<p><strong>Fuente:<\/strong> evafm.net &#8211; youtube.com<\/p>\n<p>&nbsp;<\/p>\n<div class=\"gsp_post_data\" \r\n\t            data-post_type=\"post\" \r\n\t            data-cat=\"deportes-ecuador\" \r\n\t            data-modified=\"120\"\r\n\t            data-created=\"1744743939\"\r\n\t            data-title=\"Nacional perdi\u00f3 con Independiente 1 &#8211; 3 LigaPro 2025\" \r\n\t            data-home=\"https:\/\/www.evafm.net\/sitio\"><\/div>","protected":false},"excerpt":{"rendered":"<p>La informaci\u00f3n no se detiene con sabor a futbol la adrenalina infaltable acompa\u00f1ado con LigaPro 2025 Serie A Fecha 8 Fase Inicial. se enfrentaron C.D. El Nacional vs C.A.R.E.I. del Valle, en el estadio Ol\u00edmpico Atahualpa.\u00a0 &nbsp; Los Puros Criollos se vieron superados por El Rayado del Valle con el marcador de 1 &#8211; 3&#8230;<\/p>\n","protected":false},"author":5,"featured_media":88206,"comment_status":"closed","ping_status":"open","sticky":false,"template":"","format":"standard","meta":{"_joinchat":[],"footnotes":""},"categories":[1557],"tags":[],"class_list":["post-88205","post","type-post","status-publish","format-standard","has-post-thumbnail","hentry","category-deportes-ecuador","have-post-thumb"],"_links":{"self":[{"href":"https:\/\/www.evafm.net\/sitio\/wp-json\/wp\/v2\/posts\/88205","targetHints":{"allow":["GET"]}}],"collection":[{"href":"https:\/\/www.evafm.net\/sitio\/wp-json\/wp\/v2\/posts"}],"about":[{"href":"https:\/\/www.evafm.net\/sitio\/wp-json\/wp\/v2\/types\/post"}],"author":[{"embeddable":true,"href":"https:\/\/www.evafm.net\/sitio\/wp-json\/wp\/v2\/users\/5"}],"replies":[{"embeddable":true,"href":"https:\/\/www.evafm.net\/sitio\/wp-json\/wp\/v2\/comments?post=88205"}],"version-history":[{"count":1,"href":"https:\/\/www.evafm.net\/sitio\/wp-json\/wp\/v2\/posts\/88205\/revisions"}],"predecessor-version":[{"id":88207,"href":"https:\/\/www.evafm.net\/sitio\/wp-json\/wp\/v2\/posts\/88205\/revisions\/88207"}],"wp:featuredmedia":[{"embeddable":true,"href":"https:\/\/www.evafm.net\/sitio\/wp-json\/wp\/v2\/media\/88206"}],"wp:attachment":[{"href":"https:\/\/www.evafm.net\/sitio\/wp-json\/wp\/v2\/media?parent=88205"}],"wp:term":[{"taxonomy":"category","embeddable":true,"href":"https:\/\/www.evafm.net\/sitio\/wp-json\/wp\/v2\/categories?post=88205"},{"taxonomy":"post_tag","embeddable":true,"href":"https:\/\/www.evafm.net\/sitio\/wp-json\/wp\/v2\/tags?post=88205"}],"curies":[{"name":"wp","href":"https:\/\/api.w.org\/{rel}","templated":true}]}}