{"id":88289,"date":"2025-04-18T15:35:29","date_gmt":"2025-04-18T20:35:29","guid":{"rendered":"https:\/\/www.evafm.net\/sitio\/?p=88289"},"modified":"2025-04-18T15:35:29","modified_gmt":"2025-04-18T20:35:29","slug":"la-roma-tras-los-pasos-de-pedro-vite","status":"publish","type":"post","link":"https:\/\/www.evafm.net\/sitio\/la-roma-tras-los-pasos-de-pedro-vite\/","title":{"rendered":"La Roma tras los pasos de Pedro Vite"},"content":{"rendered":"<p>Desde Italia surge una nueva posibilidad para el mediocampista ecuatoriano <strong>Pedro Vite. <\/strong><\/p>\n<p>Seg\u00fan report\u00f3 el <strong>portal Bolavip,<\/strong> la Roma ha incluido al actual jugador del<strong> Vancouver Whitecaps<\/strong> en su lista de objetivos para el <strong>pr\u00f3ximo mercado de fichajes.<\/strong><\/p>\n<p>&nbsp;<\/p>\n<p>El club de la capital italiana estar\u00eda dispuesto a ofrecer <strong>3 millones de euros<\/strong> por el <strong>volante de 21 a\u00f1os,<\/strong> que ha venido destacando en la MLS y ya suma<\/p>\n<p>seis partidos con la selecci\u00f3n absoluta de Ecuador.<\/p>\n<p>&nbsp;<\/p>\n<p>En esta temporada, Vite ha jugado siete encuentros en la liga estadounidense, con un gol y una asistencia.<\/p>\n<p>Su evoluci\u00f3n como profesional, desde su salida de Independiente del Valle hasta consolidarse en Norteam\u00e9rica, ha llamado la atenci\u00f3n de varios clubes<\/p>\n<p>del exterior y ahora ser\u00eda la Roma quien sigue sus pasos de cerca.<\/p>\n<p>&nbsp;<\/p>\n<p>De momento, no hay una oferta formal, pero el nombre del ecuatoriano empieza a sonar con fuerza en Europa.<\/p>\n<p>Habr\u00e1 que esperar si el inter\u00e9s se transforma en una negociaci\u00f3n concreta en las pr\u00f3ximas semanas. <strong>(D)<\/strong><\/p>\n<p>&nbsp;<\/p>\n<p><strong>Fuente:<\/strong> evafm.net\u00a0 &#8211; studiofutbol.com.ec<\/p>\n<p>&nbsp;<\/p>\n<div class=\"gsp_post_data\" \r\n\t            data-post_type=\"post\" \r\n\t            data-cat=\"deportes-internacionales,uncategorized\" \r\n\t            data-modified=\"120\"\r\n\t            data-created=\"1744990529\"\r\n\t            data-title=\"La Roma tras los pasos de Pedro Vite\" \r\n\t            data-home=\"https:\/\/www.evafm.net\/sitio\"><\/div>","protected":false},"excerpt":{"rendered":"<p>Desde Italia surge una nueva posibilidad para el mediocampista ecuatoriano Pedro Vite. Seg\u00fan report\u00f3 el portal Bolavip, la Roma ha incluido al actual jugador del Vancouver Whitecaps en su lista de objetivos para el pr\u00f3ximo mercado de fichajes. &nbsp; El club de la capital italiana estar\u00eda dispuesto a ofrecer 3 millones de euros por el&#8230;<\/p>\n","protected":false},"author":5,"featured_media":88291,"comment_status":"closed","ping_status":"open","sticky":false,"template":"","format":"standard","meta":{"_joinchat":[],"footnotes":""},"categories":[1342,1],"tags":[],"class_list":["post-88289","post","type-post","status-publish","format-standard","has-post-thumbnail","hentry","category-deportes-internacionales","category-uncategorized","have-post-thumb"],"_links":{"self":[{"href":"https:\/\/www.evafm.net\/sitio\/wp-json\/wp\/v2\/posts\/88289","targetHints":{"allow":["GET"]}}],"collection":[{"href":"https:\/\/www.evafm.net\/sitio\/wp-json\/wp\/v2\/posts"}],"about":[{"href":"https:\/\/www.evafm.net\/sitio\/wp-json\/wp\/v2\/types\/post"}],"author":[{"embeddable":true,"href":"https:\/\/www.evafm.net\/sitio\/wp-json\/wp\/v2\/users\/5"}],"replies":[{"embeddable":true,"href":"https:\/\/www.evafm.net\/sitio\/wp-json\/wp\/v2\/comments?post=88289"}],"version-history":[{"count":1,"href":"https:\/\/www.evafm.net\/sitio\/wp-json\/wp\/v2\/posts\/88289\/revisions"}],"predecessor-version":[{"id":88292,"href":"https:\/\/www.evafm.net\/sitio\/wp-json\/wp\/v2\/posts\/88289\/revisions\/88292"}],"wp:featuredmedia":[{"embeddable":true,"href":"https:\/\/www.evafm.net\/sitio\/wp-json\/wp\/v2\/media\/88291"}],"wp:attachment":[{"href":"https:\/\/www.evafm.net\/sitio\/wp-json\/wp\/v2\/media?parent=88289"}],"wp:term":[{"taxonomy":"category","embeddable":true,"href":"https:\/\/www.evafm.net\/sitio\/wp-json\/wp\/v2\/categories?post=88289"},{"taxonomy":"post_tag","embeddable":true,"href":"https:\/\/www.evafm.net\/sitio\/wp-json\/wp\/v2\/tags?post=88289"}],"curies":[{"name":"wp","href":"https:\/\/api.w.org\/{rel}","templated":true}]}}