{"id":88293,"date":"2025-04-18T15:45:19","date_gmt":"2025-04-18T20:45:19","guid":{"rendered":"https:\/\/www.evafm.net\/sitio\/?p=88293"},"modified":"2025-04-18T15:45:19","modified_gmt":"2025-04-18T20:45:19","slug":"braian-oyola-se-resintio-de-su-lesion","status":"publish","type":"post","link":"https:\/\/www.evafm.net\/sitio\/braian-oyola-se-resintio-de-su-lesion\/","title":{"rendered":"Braian Oyola se resinti\u00f3 de su lesi\u00f3n"},"content":{"rendered":"<p><strong>Braian Oyola,<\/strong> futbolista clave del <strong>Barcelona S. C,<\/strong> continuar\u00e1 siendo baja en el equipo debido a una reca\u00edda en su lesi\u00f3n, seg\u00fan inform\u00f3 el periodista <strong>Sergio Basantes.<\/strong><\/p>\n<p>El jugador, quien sali\u00f3 lesionado y entre l\u00e1grimas el pasado 28 de marzo durante un encuentro ante Delf\u00edn, no ha logrado recuperarse completamente, lo que representa<\/p>\n<p>un duro golpe para el cuadro &#8216;amarillo&#8217;, ya que Oyola es considerado una pieza fundamental en el esquema t\u00e1ctico del equipo.<\/p>\n<p>&nbsp;<\/p>\n<p>De acuerdo con Basantes, Oyola se resinti\u00f3 de su lesi\u00f3n, lo que ha retrasado su regreso a las canchas y lo mantendr\u00e1 fuera de las convocatorias del t\u00e9cnico<\/p>\n<p>Segundo Castillo por un tiempo indeterminado.<\/p>\n<p>A pesar de los esfuerzos del cuerpo m\u00e9dico del club, el jugador no estuvo disponible para partidos recientes, como el enfrentamiento contra Orense, donde tambi\u00e9n se<\/p>\n<p>reportaron otras bajas importantes como<strong> Leonai Souza y Octavio Rivero,<\/strong> este \u00faltimo ya recuperado seg\u00fan lo inform\u00f3 la periodista<strong> Karolina D\u00e1vila.\u00a0<\/strong><\/p>\n<p>&nbsp;<\/p>\n<p><strong>Barcelona S. C<\/strong> enfrenta un momento complicado con estas bajas, pero la recuperaci\u00f3n de otros jugadores, como el mencionado Rivero, brinda algo de alivio al plantel.<\/p>\n<p>Los aficionados esperan que Oyola pueda volver pronto, ya que es un elemento esencial para el equipo.<\/p>\n<p>Mientras tanto, Segundo Castillo deber\u00e1 confiar en el resto de la plantilla para mantener el nivel competitivo, a la espera de que el parte m\u00e9dico ofrezca noticias m\u00e1s<\/p>\n<p>alentadoras sobre la evoluci\u00f3n del talentoso futbolista. <strong>(D)<\/strong><\/p>\n<p>&nbsp;<\/p>\n<p><strong>Fuente:<\/strong> evafm.net &#8211; studiofutbol.com.ec<\/p>\n<div class=\"gsp_post_data\" \r\n\t            data-post_type=\"post\" \r\n\t            data-cat=\"deportes-ecuador\" \r\n\t            data-modified=\"120\"\r\n\t            data-created=\"1744991119\"\r\n\t            data-title=\"Braian Oyola se resinti\u00f3 de su lesi\u00f3n\" \r\n\t            data-home=\"https:\/\/www.evafm.net\/sitio\"><\/div>","protected":false},"excerpt":{"rendered":"<p>Braian Oyola, futbolista clave del Barcelona S. C, continuar\u00e1 siendo baja en el equipo debido a una reca\u00edda en su lesi\u00f3n, seg\u00fan inform\u00f3 el periodista Sergio Basantes. El jugador, quien sali\u00f3 lesionado y entre l\u00e1grimas el pasado 28 de marzo durante un encuentro ante Delf\u00edn, no ha logrado recuperarse completamente, lo que representa un duro&#8230;<\/p>\n","protected":false},"author":5,"featured_media":88294,"comment_status":"closed","ping_status":"open","sticky":false,"template":"","format":"standard","meta":{"_joinchat":[],"footnotes":""},"categories":[1557],"tags":[],"class_list":["post-88293","post","type-post","status-publish","format-standard","has-post-thumbnail","hentry","category-deportes-ecuador","have-post-thumb"],"_links":{"self":[{"href":"https:\/\/www.evafm.net\/sitio\/wp-json\/wp\/v2\/posts\/88293","targetHints":{"allow":["GET"]}}],"collection":[{"href":"https:\/\/www.evafm.net\/sitio\/wp-json\/wp\/v2\/posts"}],"about":[{"href":"https:\/\/www.evafm.net\/sitio\/wp-json\/wp\/v2\/types\/post"}],"author":[{"embeddable":true,"href":"https:\/\/www.evafm.net\/sitio\/wp-json\/wp\/v2\/users\/5"}],"replies":[{"embeddable":true,"href":"https:\/\/www.evafm.net\/sitio\/wp-json\/wp\/v2\/comments?post=88293"}],"version-history":[{"count":1,"href":"https:\/\/www.evafm.net\/sitio\/wp-json\/wp\/v2\/posts\/88293\/revisions"}],"predecessor-version":[{"id":88295,"href":"https:\/\/www.evafm.net\/sitio\/wp-json\/wp\/v2\/posts\/88293\/revisions\/88295"}],"wp:featuredmedia":[{"embeddable":true,"href":"https:\/\/www.evafm.net\/sitio\/wp-json\/wp\/v2\/media\/88294"}],"wp:attachment":[{"href":"https:\/\/www.evafm.net\/sitio\/wp-json\/wp\/v2\/media?parent=88293"}],"wp:term":[{"taxonomy":"category","embeddable":true,"href":"https:\/\/www.evafm.net\/sitio\/wp-json\/wp\/v2\/categories?post=88293"},{"taxonomy":"post_tag","embeddable":true,"href":"https:\/\/www.evafm.net\/sitio\/wp-json\/wp\/v2\/tags?post=88293"}],"curies":[{"name":"wp","href":"https:\/\/api.w.org\/{rel}","templated":true}]}}