{"id":88296,"date":"2025-04-18T16:01:01","date_gmt":"2025-04-18T21:01:01","guid":{"rendered":"https:\/\/www.evafm.net\/sitio\/?p=88296"},"modified":"2025-04-18T16:01:01","modified_gmt":"2025-04-18T21:01:01","slug":"jefferson-orejuela-tiene-nuevo-equipo","status":"publish","type":"post","link":"https:\/\/www.evafm.net\/sitio\/jefferson-orejuela-tiene-nuevo-equipo\/","title":{"rendered":"Jefferson Orejuela tiene nuevo equipo"},"content":{"rendered":"<p>El mediocampista ecuatoriano de 32 a\u00f1os de edad, <strong>Jefferson Orejuela<\/strong> fue presentado oficialmente como nuevo refuerzo del<strong> Hurac\u00e1n de Buceo<\/strong><\/p>\n<p>equipo de la Segunda Divisi\u00f3n de Uruguay.<\/p>\n<p>Este movimiento marca el noveno club en la carrera del <strong>exseleccionado de Ecuador \ud83c\uddea\ud83c\udde8,<\/strong> quien busca un nuevo comienzo en el<strong> f\u00fatbol uruguayo.<\/strong><\/p>\n<p>&nbsp;<\/p>\n<p>Sin embargo, lamentablemente, la trayectoria de Orejuela no ha mantenido el brillo de esos a\u00f1os. Su rendimiento ha sido irregular, y el volante<\/p>\n<p>no ha logrado ser la sombra del jugador que deslumbr\u00f3 en sus inicios.<\/p>\n<p>&nbsp;<\/p>\n<p>A pesar de su experiencia en clubes de \u00e9lite, su flojo desempe\u00f1o en los \u00faltimos a\u00f1os ha opacado su legado, dejando a los aficionados con la<\/p>\n<p>esperanza de que este nuevo cap\u00edtulo en Hurac\u00e1n de Buceo le permita recuperar su mejor versi\u00f3n.<\/p>\n<p>&nbsp;<\/p>\n<p>Con esta incorporaci\u00f3n, Hurac\u00e1n de Buceo apuesta por la experiencia de Orejuela para reforzar su plantilla en la lucha por el ascenso.<\/p>\n<p>La hinchada espera que el mediocampista ecuatoriano pueda reencontrarse con su f\u00fatbol y aportar su calidad al equipo.<strong> (D)<\/strong><\/p>\n<p>&nbsp;<\/p>\n<p>&nbsp;<\/p>\n<p><strong>Fuente:<\/strong> evafm.net &#8211; studiofutbol.com.ec<\/p>\n<p>&nbsp;<\/p>\n<p>&nbsp;<\/p>\n<div class=\"gsp_post_data\" \r\n\t            data-post_type=\"post\" \r\n\t            data-cat=\"deportes-internacionales\" \r\n\t            data-modified=\"120\"\r\n\t            data-created=\"1744992061\"\r\n\t            data-title=\"Jefferson Orejuela tiene nuevo equipo\" \r\n\t            data-home=\"https:\/\/www.evafm.net\/sitio\"><\/div>","protected":false},"excerpt":{"rendered":"<p>El mediocampista ecuatoriano de 32 a\u00f1os de edad, Jefferson Orejuela fue presentado oficialmente como nuevo refuerzo del Hurac\u00e1n de Buceo equipo de la Segunda Divisi\u00f3n de Uruguay. Este movimiento marca el noveno club en la carrera del exseleccionado de Ecuador \ud83c\uddea\ud83c\udde8, quien busca un nuevo comienzo en el f\u00fatbol uruguayo. &nbsp; Sin embargo, lamentablemente, la&#8230;<\/p>\n","protected":false},"author":5,"featured_media":88297,"comment_status":"closed","ping_status":"open","sticky":false,"template":"","format":"standard","meta":{"_joinchat":[],"footnotes":""},"categories":[1342],"tags":[],"class_list":["post-88296","post","type-post","status-publish","format-standard","has-post-thumbnail","hentry","category-deportes-internacionales","have-post-thumb"],"_links":{"self":[{"href":"https:\/\/www.evafm.net\/sitio\/wp-json\/wp\/v2\/posts\/88296","targetHints":{"allow":["GET"]}}],"collection":[{"href":"https:\/\/www.evafm.net\/sitio\/wp-json\/wp\/v2\/posts"}],"about":[{"href":"https:\/\/www.evafm.net\/sitio\/wp-json\/wp\/v2\/types\/post"}],"author":[{"embeddable":true,"href":"https:\/\/www.evafm.net\/sitio\/wp-json\/wp\/v2\/users\/5"}],"replies":[{"embeddable":true,"href":"https:\/\/www.evafm.net\/sitio\/wp-json\/wp\/v2\/comments?post=88296"}],"version-history":[{"count":1,"href":"https:\/\/www.evafm.net\/sitio\/wp-json\/wp\/v2\/posts\/88296\/revisions"}],"predecessor-version":[{"id":88298,"href":"https:\/\/www.evafm.net\/sitio\/wp-json\/wp\/v2\/posts\/88296\/revisions\/88298"}],"wp:featuredmedia":[{"embeddable":true,"href":"https:\/\/www.evafm.net\/sitio\/wp-json\/wp\/v2\/media\/88297"}],"wp:attachment":[{"href":"https:\/\/www.evafm.net\/sitio\/wp-json\/wp\/v2\/media?parent=88296"}],"wp:term":[{"taxonomy":"category","embeddable":true,"href":"https:\/\/www.evafm.net\/sitio\/wp-json\/wp\/v2\/categories?post=88296"},{"taxonomy":"post_tag","embeddable":true,"href":"https:\/\/www.evafm.net\/sitio\/wp-json\/wp\/v2\/tags?post=88296"}],"curies":[{"name":"wp","href":"https:\/\/api.w.org\/{rel}","templated":true}]}}