{"id":88329,"date":"2025-04-20T18:42:56","date_gmt":"2025-04-20T23:42:56","guid":{"rendered":"https:\/\/www.evafm.net\/sitio\/?p=88329"},"modified":"2025-04-20T18:42:56","modified_gmt":"2025-04-20T23:42:56","slug":"tras-la-propuesta-de-zelensky-rusia-no-extendera-el-alto-al-fuego","status":"publish","type":"post","link":"https:\/\/www.evafm.net\/sitio\/tras-la-propuesta-de-zelensky-rusia-no-extendera-el-alto-al-fuego\/","title":{"rendered":"Tras la propuesta de Zelensky Rusia no extender\u00e1 el alto al fuego"},"content":{"rendered":"<p>El presidente de Rusia,\u00a0<a title=\"https:\/\/www.infobae.com\/tag\/vladimir-putin\/\" href=\"https:\/\/www.infobae.com\/tag\/vladimir-putin\/\" target=\"_blank\" rel=\"noopener noreferrer\" data-mrf-link=\"https:\/\/www.infobae.com\/tag\/vladimir-putin\/\"><b>Vladimir Putin<\/b><\/a><b>,<\/b>\u00a0<b>no dio la orden de prorrogar el alto el fuego de Pascua en Ucrania<\/b>, declar\u00f3 este domingo el portavoz del<strong> Kremlin, Dmitri Peskov,<\/strong><\/p>\n<p>a la agencia de noticias<strong><i>\u00a0TASS.<\/i><\/strong><\/p>\n<p>&nbsp;<\/p>\n<p>El alto el fuego expira a medianoche <strong>(2100 GMT)<\/strong> de este domingo.<\/p>\n<p>&nbsp;<\/p>\n<p>Putin anunci\u00f3 sorpresivamente el s\u00e1bado una <strong>\u201ctregua humanitaria\u201d<\/strong> de 30 horas por la Pascua, un cese de los combates que hubiera sido el m\u00e1s significativo en m\u00e1s de<\/p>\n<p>tres a\u00f1os de guerra.<\/p>\n<p>&nbsp;<\/p>\n<p>Desde el inicio de la presunta tregua, a las 15.00 GMT del s\u00e1bado,<a title=\"https:\/\/www.infobae.com\/tag\/volodimir-zelensky\/\" href=\"https:\/\/www.infobae.com\/tag\/volodimir-zelensky\/\" target=\"_blank\" rel=\"noopener noreferrer\" data-mrf-link=\"https:\/\/www.infobae.com\/tag\/volodimir-zelensky\/\">\u00a0el presidente ucraniano, Volodimir Zelensky<\/a>,\u00a0<b>acus\u00f3 a las tropas rusas de continuar los ataques <\/b><\/p>\n<p><b>y este domingo <\/b><b>report\u00f3 nuevas ofensivas.<\/b><\/p>\n<p>&nbsp;<\/p>\n<p>Seg\u00fan el jefe de Estado ucraniano, las tropas de Putin lanzaron \u201coperaciones\u201d en Pokrovsk y Siversk, en el frente oriental, y afirm\u00f3 que el ej\u00e9rcito ruso<\/p>\n<p>\u201csigue utilizando armamento pesado\u201d:<\/p>\n<p>\u201cLas palabras de Rusia sobre un alto el fuego para la regi\u00f3n de Kursk, Siverski y otras direcciones en Donetsk (este)\u00a0<b>quedaron en palabras vac\u00edas\u201d.<\/b><\/p>\n<p>&nbsp;<\/p>\n<p>En total, report\u00f3 46 ofensivas rusas y 901 ataques este domingo.<\/p>\n<p>&nbsp;<\/p>\n<p class=\"paragraph\" data-mrf-recirculation=\"Links inline\">\u201cDesde el comienzo del d\u00eda se han producido 45 enfrentamientos en el frente\u201d, inform\u00f3 el Estado Mayor de las Fuerzas Armadas de Ucrania a trav\u00e9s de un comunicado<\/p>\n<p class=\"paragraph\" data-mrf-recirculation=\"Links inline\">publicado en su cuenta de \u2018Facebook\u2019, donde se cit\u00f3 un n\u00famero casi id\u00e9ntico al de \u201c46 asaltos\u201d que cit\u00f3 Zelensky en su cuenta de Telegram.<\/p>\n<p class=\"paragraph\" data-mrf-recirculation=\"Links inline\">\u201cDesafortunadamente,\u00a0<b>la tendencia de un mayor uso de armamento pesado por los rusos contin\u00faa.<\/b><\/p>\n<p class=\"paragraph\" data-mrf-recirculation=\"Links inline\">Desde que comenz\u00f3 el d\u00eda hasta las 16.00 (13.00 GMT), un total de 46 operaciones de asalto rusas han tenido lugar en varias direcciones\u201d, escribi\u00f3 el presidente ucraniano.<\/p>\n<p class=\"paragraph\" data-mrf-recirculation=\"Links inline\">A pesar de que Rusia no cumpli\u00f3 con la tregua,\u00a0<b>Zelensky hab\u00eda propuesto establecer \u201cun cese el fuego total, incondicional y justo que se extienda como m\u00ednimo <\/b><\/p>\n<p class=\"paragraph\" data-mrf-recirculation=\"Links inline\"><b>durante 30 d\u00edas\u201d.<\/b><\/p>\n<p class=\"paragraph\" data-mrf-recirculation=\"Links inline\">\u201cPara la ma\u00f1ana de Pascua podemos decir que<a title=\"https:\/\/www.infobae.com\/america\/mundo\/2025\/04\/20\/zelensky-denuncio-que-el-ejercito-ruso-intenta-crear-una-impresion-general-de-alto-el-fuego-pero-que-continua-bombardeando-el-frente\/\" href=\"https:\/\/www.infobae.com\/america\/mundo\/2025\/04\/20\/zelensky-denuncio-que-el-ejercito-ruso-intenta-crear-una-impresion-general-de-alto-el-fuego-pero-que-continua-bombardeando-el-frente\/\" target=\"_blank\" rel=\"noopener noreferrer\" data-mrf-link=\"https:\/\/www.infobae.com\/america\/mundo\/2025\/04\/20\/zelensky-denuncio-que-el-ejercito-ruso-intenta-crear-una-impresion-general-de-alto-el-fuego-pero-que-continua-bombardeando-el-frente\/\">\u00a0el ej\u00e9rcito ruso intenta crear la impresi\u00f3n de un alto el fuego<\/a>, mientras en algunas \u00e1reas contin\u00faan los intentos aislados de<\/p>\n<p class=\"paragraph\" data-mrf-recirculation=\"Links inline\">avanzar y causar bajas en Ucrania\u201d, se\u00f1al\u00f3 Zelensky.<\/p>\n<p class=\"paragraph\" data-mrf-recirculation=\"Links inline\">La orden de Putin de suspender los combates el fin de semana de Pascua lleg\u00f3 tras meses de fallidos intentos del presidente estadounidense,\u00a0<b>Donald Trump<\/b>, de mediar<\/p>\n<p class=\"paragraph\" data-mrf-recirculation=\"Links inline\">una tregua entre <strong>Mosc\u00fa y Kiev.<\/strong><\/p>\n<p class=\"paragraph\" data-mrf-recirculation=\"Links inline\">Washington amenaz\u00f3 el viernes con retirarse de las conversaciones si no hay avances para terminar con el conflicto, que empez\u00f3 en febrero de 2022 con la invasi\u00f3n lanzada<\/p>\n<p class=\"paragraph\" data-mrf-recirculation=\"Links inline\">por Rusia contra Ucrania.<\/p>\n<p class=\"paragraph\" data-mrf-recirculation=\"Links inline\">El jefe de la diplomacia estadounidense, Marco Rubio, afirm\u00f3 que Washington\u00a0<b>dar\u00e1 un paso al costado si la paz entre Mosc\u00fa y Kiev no fuera \u201cfactible\u201d.\u00a0<\/b><\/p>\n<p>&nbsp;<\/p>\n<p class=\"paragraph\" data-mrf-recirculation=\"Links inline\">Sin embargo, Trump se\u00f1al\u00f3 que observa\u00a0<b>\u201centusiasmo\u201d por la paz<\/b>\u00a0tanto por parte de Rusia como de Ucrania y que conf\u00eda en \u201cconseguir\u201d que las negociaciones sigan avanzando<\/p>\n<p class=\"paragraph\" data-mrf-recirculation=\"Links inline\">hacia un arreglo.<\/p>\n<p class=\"paragraph\" data-mrf-recirculation=\"Links inline\">Zelensky, por su parte, respondi\u00f3 el s\u00e1bado en X que \u201csi Rusia est\u00e1 repentinamente dispuesta a comprometerse de verdad<\/p>\n<p class=\"paragraph\" data-mrf-recirculation=\"Links inline\"><b>Ucrania actuar\u00e1 en consecuencia, reflejando las acciones de Rusia\u201d.<\/b><\/p>\n<p class=\"paragraph\" data-mrf-recirculation=\"Links inline\">Este domingo, en Kiev, muchos ciudadanos ucranianos expresaron sus dudas de que Rusia respete la tregua.<\/p>\n<p class=\"paragraph\" data-mrf-recirculation=\"Links inline\">\u201cYa han incumplido su promesa.<\/p>\n<p class=\"paragraph\" data-mrf-recirculation=\"Links inline\">Por desgracia, hoy en d\u00eda no podemos confiar en Rusia\u201d, afirm\u00f3 a la agencia<i>\u00a0AFP<\/i>\u00a0<b>Olga Grachova<\/b>, una comerciante de 38 a\u00f1os.<\/p>\n<p class=\"paragraph\" data-mrf-recirculation=\"Links inline\"><b>Natalia<\/b>, una m\u00e9dica de 41 a\u00f1os, por su parte, lament\u00f3 que las ofertas de Ucrania no sean correspondidas: \u201cNadie responde\u201d.<strong> (I)<\/strong><\/p>\n<div class=\"undefined ad-wrapper\">\n<div class=\"dfpAd \">\n<div id=\"america\/mundo\/nota\/undefined\" class=\"america\/mundo\/nota\/undefined arcad\"><\/div>\n<\/div>\n<\/div>\n<p class=\"paragraph\" data-mrf-recirculation=\"Links inline\"><strong><i>(Con informaci\u00f3n de AFP)<\/i><\/strong><\/p>\n<p data-mrf-recirculation=\"Links inline\">\n<p data-mrf-recirculation=\"Links inline\"><strong>Fuente<\/strong>:\u00a0 evafm.net\u00a0 &#8211; infobae.com<\/p>\n<div class=\"gsp_post_data\" \r\n\t            data-post_type=\"post\" \r\n\t            data-cat=\"general,noticias-internacionales,uncategorized\" \r\n\t            data-modified=\"120\"\r\n\t            data-created=\"1745174576\"\r\n\t            data-title=\"Tras la propuesta de Zelensky Rusia no extender\u00e1 el alto al fuego\" \r\n\t            data-home=\"https:\/\/www.evafm.net\/sitio\"><\/div>","protected":false},"excerpt":{"rendered":"<p>El presidente de Rusia,\u00a0Vladimir Putin,\u00a0no dio la orden de prorrogar el alto el fuego de Pascua en Ucrania, declar\u00f3 este domingo el portavoz del Kremlin, Dmitri Peskov, a la agencia de noticias\u00a0TASS. &nbsp; El alto el fuego expira a medianoche (2100 GMT) de este domingo. &nbsp; Putin anunci\u00f3 sorpresivamente el s\u00e1bado una \u201ctregua humanitaria\u201d de&#8230;<\/p>\n","protected":false},"author":5,"featured_media":88348,"comment_status":"closed","ping_status":"open","sticky":false,"template":"","format":"standard","meta":{"_joinchat":[],"footnotes":""},"categories":[1720,1345,1],"tags":[],"class_list":["post-88329","post","type-post","status-publish","format-standard","has-post-thumbnail","hentry","category-general","category-noticias-internacionales","category-uncategorized","have-post-thumb"],"_links":{"self":[{"href":"https:\/\/www.evafm.net\/sitio\/wp-json\/wp\/v2\/posts\/88329","targetHints":{"allow":["GET"]}}],"collection":[{"href":"https:\/\/www.evafm.net\/sitio\/wp-json\/wp\/v2\/posts"}],"about":[{"href":"https:\/\/www.evafm.net\/sitio\/wp-json\/wp\/v2\/types\/post"}],"author":[{"embeddable":true,"href":"https:\/\/www.evafm.net\/sitio\/wp-json\/wp\/v2\/users\/5"}],"replies":[{"embeddable":true,"href":"https:\/\/www.evafm.net\/sitio\/wp-json\/wp\/v2\/comments?post=88329"}],"version-history":[{"count":1,"href":"https:\/\/www.evafm.net\/sitio\/wp-json\/wp\/v2\/posts\/88329\/revisions"}],"predecessor-version":[{"id":88349,"href":"https:\/\/www.evafm.net\/sitio\/wp-json\/wp\/v2\/posts\/88329\/revisions\/88349"}],"wp:featuredmedia":[{"embeddable":true,"href":"https:\/\/www.evafm.net\/sitio\/wp-json\/wp\/v2\/media\/88348"}],"wp:attachment":[{"href":"https:\/\/www.evafm.net\/sitio\/wp-json\/wp\/v2\/media?parent=88329"}],"wp:term":[{"taxonomy":"category","embeddable":true,"href":"https:\/\/www.evafm.net\/sitio\/wp-json\/wp\/v2\/categories?post=88329"},{"taxonomy":"post_tag","embeddable":true,"href":"https:\/\/www.evafm.net\/sitio\/wp-json\/wp\/v2\/tags?post=88329"}],"curies":[{"name":"wp","href":"https:\/\/api.w.org\/{rel}","templated":true}]}}