{"id":88356,"date":"2025-04-21T20:43:59","date_gmt":"2025-04-22T01:43:59","guid":{"rendered":"https:\/\/www.evafm.net\/sitio\/?p=88356"},"modified":"2025-04-21T20:44:32","modified_gmt":"2025-04-22T01:44:32","slug":"emelec-invitado-en-la-noche-raspada-de-jipijapa-fc","status":"publish","type":"post","link":"https:\/\/www.evafm.net\/sitio\/emelec-invitado-en-la-noche-raspada-de-jipijapa-fc\/","title":{"rendered":"Emelec invitado en la \u201cNoche Raspada\u201d de Jipijapa FC"},"content":{"rendered":"<p><strong>El C. S. Emelec<\/strong> ser\u00e1 el invitado estelar en la presentaci\u00f3n oficial del plantel 2025 de Jipijapa F\u00fatbol Club (equipo del Ascenso Nacional), evento que se ha denominado como la \u201c<strong>Noche Raspada\u201d. <\/strong><\/p>\n<p>El compromiso se llevar\u00e1 a cabo <strong>este mi\u00e9rcoles 23 de abril<\/strong> a partir de las<strong> 17h00<\/strong> en la ciudad manabita, donde el equipo local celebrar\u00e1 con su afici\u00f3n el arranque de una nueva temporada.<\/p>\n<p>&nbsp;<\/p>\n<p>La informaci\u00f3n fue revelada por el periodista Ronald Pin a trav\u00e9s de su cuenta oficial en la red social X, donde confirm\u00f3 que el cuadro el\u00e9ctrico formar\u00e1 parte del evento con un cotejo amistoso<\/p>\n<p>frente al club manabita.<\/p>\n<p>Para<strong> Jipijapa FC<\/strong>, ser\u00e1 una oportunidad de oro para medirse ante un rival de jerarqu\u00eda, mientras que para los azules ser\u00e1 una buena instancia para continuar su preparaci\u00f3n y afianzar su equipo titular.<\/p>\n<p>&nbsp;<\/p>\n<p>La \u201cNoche Raspada\u201d promete fiesta, f\u00fatbol y emociones en el estadio, con un marco especial para los hinchas locales que podr\u00e1n ver de cerca a su equipo y a una de las instituciones m\u00e1s hist\u00f3ricas<\/p>\n<p>del f\u00fatbol ecuatoriano..<strong>(D)<\/strong><\/p>\n<p><img decoding=\"async\" src=\"https:\/\/pbs.twimg.com\/media\/GpEuvABWMAAfsRH?format=jpg&amp;name=900x900\" alt=\"Image\" \/><\/p>\n<p>&nbsp;<\/p>\n<p>&nbsp;<\/p>\n<p><strong>Fuente<\/strong>: evafm.net &#8211; studiofutbol.com.ec<\/p>\n<div class=\"gsp_post_data\" \r\n\t            data-post_type=\"post\" \r\n\t            data-cat=\"deportes-ecuador,general,uncategorized\" \r\n\t            data-modified=\"120\"\r\n\t            data-created=\"1745268239\"\r\n\t            data-title=\"Emelec invitado en la \u201cNoche Raspada\u201d de Jipijapa FC\" \r\n\t            data-home=\"https:\/\/www.evafm.net\/sitio\"><\/div>","protected":false},"excerpt":{"rendered":"<p>El C. S. Emelec ser\u00e1 el invitado estelar en la presentaci\u00f3n oficial del plantel 2025 de Jipijapa F\u00fatbol Club (equipo del Ascenso Nacional), evento que se ha denominado como la \u201cNoche Raspada\u201d. El compromiso se llevar\u00e1 a cabo este mi\u00e9rcoles 23 de abril a partir de las 17h00 en la ciudad manabita, donde el equipo&#8230;<\/p>\n","protected":false},"author":5,"featured_media":88380,"comment_status":"closed","ping_status":"open","sticky":false,"template":"","format":"standard","meta":{"_joinchat":[],"footnotes":""},"categories":[1557,1720,1],"tags":[],"class_list":["post-88356","post","type-post","status-publish","format-standard","has-post-thumbnail","hentry","category-deportes-ecuador","category-general","category-uncategorized","have-post-thumb"],"_links":{"self":[{"href":"https:\/\/www.evafm.net\/sitio\/wp-json\/wp\/v2\/posts\/88356","targetHints":{"allow":["GET"]}}],"collection":[{"href":"https:\/\/www.evafm.net\/sitio\/wp-json\/wp\/v2\/posts"}],"about":[{"href":"https:\/\/www.evafm.net\/sitio\/wp-json\/wp\/v2\/types\/post"}],"author":[{"embeddable":true,"href":"https:\/\/www.evafm.net\/sitio\/wp-json\/wp\/v2\/users\/5"}],"replies":[{"embeddable":true,"href":"https:\/\/www.evafm.net\/sitio\/wp-json\/wp\/v2\/comments?post=88356"}],"version-history":[{"count":1,"href":"https:\/\/www.evafm.net\/sitio\/wp-json\/wp\/v2\/posts\/88356\/revisions"}],"predecessor-version":[{"id":88379,"href":"https:\/\/www.evafm.net\/sitio\/wp-json\/wp\/v2\/posts\/88356\/revisions\/88379"}],"wp:featuredmedia":[{"embeddable":true,"href":"https:\/\/www.evafm.net\/sitio\/wp-json\/wp\/v2\/media\/88380"}],"wp:attachment":[{"href":"https:\/\/www.evafm.net\/sitio\/wp-json\/wp\/v2\/media?parent=88356"}],"wp:term":[{"taxonomy":"category","embeddable":true,"href":"https:\/\/www.evafm.net\/sitio\/wp-json\/wp\/v2\/categories?post=88356"},{"taxonomy":"post_tag","embeddable":true,"href":"https:\/\/www.evafm.net\/sitio\/wp-json\/wp\/v2\/tags?post=88356"}],"curies":[{"name":"wp","href":"https:\/\/api.w.org\/{rel}","templated":true}]}}