{"id":88357,"date":"2025-04-21T20:46:05","date_gmt":"2025-04-22T01:46:05","guid":{"rendered":"https:\/\/www.evafm.net\/sitio\/?p=88357"},"modified":"2025-04-21T20:46:05","modified_gmt":"2025-04-22T01:46:05","slug":"marathon-de-honduras-anuncio-la-salida-de-juan-luis-anangono","status":"publish","type":"post","link":"https:\/\/www.evafm.net\/sitio\/marathon-de-honduras-anuncio-la-salida-de-juan-luis-anangono\/","title":{"rendered":"Marath\u00f3n de Honduras anunci\u00f3 la salida de Juan Luis Anangon\u00f3,"},"content":{"rendered":"<p>Despu\u00e9s de la agresi\u00f3n, de\u00a0<a href=\"https:\/\/www.ecuavisa.com\/deportes\/futbol-internacional\/video-juan-luis-anangono-golpeo-companero-equipo-honduras-XM9187440\"><strong>Juan Luis Anangon\u00f3\u00a0<\/strong><\/a>a su compa\u00f1ero <strong>Alexy Vega, el club Marath\u00f3n,<\/strong> equipo de la primera divisi\u00f3n de Honduras, anunci\u00f3 la salida del delantero ecuatoriano<\/p>\n<p><b>\u00abpor mutuo acuerdo\u00bb.<\/b><\/p>\n<p>&nbsp;<\/p>\n<p>\u201cTras una conversaci\u00f3n franca y respetuosa entre las partes, se ha llegado a un\u00a0<b>acuerdo de rescisi\u00f3n mutua del contrato que vinculaba al jugador Juan Anangon\u00f3<\/b>\u00a0con nuestra<\/p>\n<p>instituci\u00f3n.<\/p>\n<p>Esta decisi\u00f3n responde al firme compromiso del club con la observancia y el respeto irrestricto de sus c\u00f3digos disciplinarios internos\u201d, inform\u00f3 Marath\u00f3n en un comunicado publicado en sus<\/p>\n<p>redes sociales.<\/p>\n<div id=\"sunmedia-div\"><\/div>\n<p>\u201c<b>Agradecemos sinceramente a Juan Anangon\u00f3 por su entrega,<\/b>\u00a0profesionalismo y esfuerzo demostrado durante el tiempo que visti\u00f3 nuestros colores&#8230;<\/p>\n<p>Nuestro escudo, nuestra historia y nuestra afici\u00f3n est\u00e1n por encima de cualquier individualidad\u201d, agreg\u00f3 el club.<\/p>\n<p>&nbsp;<\/p>\n<p><b>Anangon\u00f3 golpe\u00f3 a su compa\u00f1ero Alexy Vega<\/b>\u00a0al finalizar el primer tiempo en el empate son goles contra G\u00e9nesis por la jornada 16 de la <strong>Liga Nacional de Honduras.<\/strong><\/p>\n<p>&nbsp;<\/p>\n<p>Luego, de este lamentable hecho, el delantero ecuatoriano, reconoci\u00f3 su error y pidi\u00f3 disculpas p\u00fablicas:<\/p>\n<p><b>\u201cno representa mis valores ni la forma en la que he construido mi carrera profesional\u201d<\/b><\/p>\n<p>&nbsp;<\/p>\n<p>\u201cLe ped\u00ed disculpas a Alexy en el camerino, pero creo que cuando uno comete un error as\u00ed, tiene que dar la cara.<\/p>\n<p><b>Me arrepiento profundamente y asumo mi responsabilidad<\/b>\u201d, a\u00f1adi\u00f3.<strong>(D)<\/strong><\/p>\n<p>&nbsp;<\/p>\n<blockquote class=\"twitter-tweet\" data-width=\"550\" data-dnt=\"true\">\n<p lang=\"es\" dir=\"ltr\">IMPRESENTABLE \u274c<\/p>\n<p>La agresi\u00f3n de Juan Luis Anangon\u00f3 a su compa\u00f1ero Alexy Vega al finalizar la primera mitad en el juego entre Marath\u00f3n \ud83c\udd9a Genesis por la jornada 16 del Clausura hondure\u00f1o. <a href=\"https:\/\/t.co\/QsdEjr7Y4h\">pic.twitter.com\/QsdEjr7Y4h<\/a><\/p>\n<p>&mdash; Rodolfo (@fitomoca30) <a href=\"https:\/\/twitter.com\/fitomoca30\/status\/1913725551241552268?ref_src=twsrc%5Etfw\">April 19, 2025<\/a><\/p><\/blockquote>\n<p><script async src=\"https:\/\/platform.twitter.com\/widgets.js\" charset=\"utf-8\"><\/script><\/p>\n<p>&nbsp;<\/p>\n<p><img decoding=\"async\" src=\"https:\/\/pbs.twimg.com\/media\/GpE8E84XgAABnis?format=jpg&amp;name=small\" alt=\"Imagen\" \/><\/p>\n<p>&nbsp;<\/p>\n<p>&nbsp;<\/p>\n<p>Fuente: evafm.net &#8211; ecuavisa.com<\/p>\n<div class=\"gsp_post_data\" \r\n\t            data-post_type=\"post\" \r\n\t            data-cat=\"deportes-internacionales,general,uncategorized\" \r\n\t            data-modified=\"120\"\r\n\t            data-created=\"1745268365\"\r\n\t            data-title=\"Marath\u00f3n de Honduras anunci\u00f3 la salida de Juan Luis Anangon\u00f3,\" \r\n\t            data-home=\"https:\/\/www.evafm.net\/sitio\"><\/div>","protected":false},"excerpt":{"rendered":"<p>Despu\u00e9s de la agresi\u00f3n, de\u00a0Juan Luis Anangon\u00f3\u00a0a su compa\u00f1ero Alexy Vega, el club Marath\u00f3n, equipo de la primera divisi\u00f3n de Honduras, anunci\u00f3 la salida del delantero ecuatoriano \u00abpor mutuo acuerdo\u00bb. &nbsp; \u201cTras una conversaci\u00f3n franca y respetuosa entre las partes, se ha llegado a un\u00a0acuerdo de rescisi\u00f3n mutua del contrato que vinculaba al jugador Juan&#8230;<\/p>\n","protected":false},"author":5,"featured_media":88381,"comment_status":"closed","ping_status":"open","sticky":false,"template":"","format":"standard","meta":{"_joinchat":[],"footnotes":""},"categories":[1342,1720,1],"tags":[],"class_list":["post-88357","post","type-post","status-publish","format-standard","has-post-thumbnail","hentry","category-deportes-internacionales","category-general","category-uncategorized","have-post-thumb"],"_links":{"self":[{"href":"https:\/\/www.evafm.net\/sitio\/wp-json\/wp\/v2\/posts\/88357","targetHints":{"allow":["GET"]}}],"collection":[{"href":"https:\/\/www.evafm.net\/sitio\/wp-json\/wp\/v2\/posts"}],"about":[{"href":"https:\/\/www.evafm.net\/sitio\/wp-json\/wp\/v2\/types\/post"}],"author":[{"embeddable":true,"href":"https:\/\/www.evafm.net\/sitio\/wp-json\/wp\/v2\/users\/5"}],"replies":[{"embeddable":true,"href":"https:\/\/www.evafm.net\/sitio\/wp-json\/wp\/v2\/comments?post=88357"}],"version-history":[{"count":1,"href":"https:\/\/www.evafm.net\/sitio\/wp-json\/wp\/v2\/posts\/88357\/revisions"}],"predecessor-version":[{"id":88382,"href":"https:\/\/www.evafm.net\/sitio\/wp-json\/wp\/v2\/posts\/88357\/revisions\/88382"}],"wp:featuredmedia":[{"embeddable":true,"href":"https:\/\/www.evafm.net\/sitio\/wp-json\/wp\/v2\/media\/88381"}],"wp:attachment":[{"href":"https:\/\/www.evafm.net\/sitio\/wp-json\/wp\/v2\/media?parent=88357"}],"wp:term":[{"taxonomy":"category","embeddable":true,"href":"https:\/\/www.evafm.net\/sitio\/wp-json\/wp\/v2\/categories?post=88357"},{"taxonomy":"post_tag","embeddable":true,"href":"https:\/\/www.evafm.net\/sitio\/wp-json\/wp\/v2\/tags?post=88357"}],"curies":[{"name":"wp","href":"https:\/\/api.w.org\/{rel}","templated":true}]}}