{"id":88386,"date":"2025-04-22T21:51:43","date_gmt":"2025-04-23T02:51:43","guid":{"rendered":"https:\/\/www.evafm.net\/sitio\/?p=88386"},"modified":"2025-04-22T21:51:43","modified_gmt":"2025-04-23T02:51:43","slug":"revelaron-como-fueron-las-ultimas-horas-del-papa-francisco","status":"publish","type":"post","link":"https:\/\/www.evafm.net\/sitio\/revelaron-como-fueron-las-ultimas-horas-del-papa-francisco\/","title":{"rendered":"Revelaron c\u00f3mo fueron las \u00faltimas horas del papa Francisco"},"content":{"rendered":"<p>\u201c<b>Gracias por traerme de vuelta a la plaza<\/b>\u201d de San Pedro, dijo el\u00a0<b>papa Francisco<\/b>\u00a0a su\u00a0<b>enfermero<\/b>\u00a0por animarlo a realizar un\u00a0<b>\u00faltimo ba\u00f1o de multitudes a bordo del papam\u00f3vil <\/b>el domingo<\/p>\n<p>horas antes de su muerte.<\/p>\n<p>&nbsp;<\/p>\n<p>El medio oficial de la Santa Sede,\u00a0<i>Vatican News<\/i>, recogi\u00f3 este martes estas\u00a0<b>palabras que el primer pont\u00edfice latinoamericano dijo a su fiel enfermero personal<\/b><\/p>\n<p><b> Massimiliano Strappeti<\/b>, el <strong>Domingo de Resurrecci\u00f3n.<\/strong><\/p>\n<p>&nbsp;<\/p>\n<p>Tras la tradicional bendici\u00f3n<strong> \u201cUrbi et Orbi\u201d<\/strong> desde el balc\u00f3n de la bas\u00edlica de San Pedro,\u00a0<b>Francisco realiz\u00f3 un inesperado paseo a bordo del veh\u00edculo papal<\/b>\u00a0entre los miles de fieles<\/p>\n<p>reunidos para celebrar la Pascua.<\/p>\n<p>&nbsp;<\/p>\n<p>Pero antes de hacerlo, pregunt\u00f3 a su enfermero: \u201c<b>\u00bfCree que podr\u00e9 hacerlo?<\/b>\u201d. Strappetti\u00a0<b>lo tranquiliz\u00f3<\/b>\u00a0y\u00a0<b>el papa recorri\u00f3 durante casi 15 minutos la plaza<\/b>, bendiciendo a su paso<\/p>\n<p>a los beb\u00e9s presentes.<\/p>\n<p>&nbsp;<\/p>\n<p>Seg\u00fan\u00a0<i>Vatican News<\/i>, el jesuita argentino\u00a0<b>descans\u00f3 durante la tarde<\/b>\u00a0en su departamento de la residencia de\u00a0<b>Santa Marta<\/b>\u00a0en el Vaticano, antes de\u00a0<b>cenar tranquilamente<\/b>.<\/p>\n<p>&nbsp;<\/p>\n<p class=\"paragraph\" data-mrf-recirculation=\"Links inline\">Pero el lunes, en torno a las 05:30 de la madrugada (03:30 GMT), aparecieron\u00a0<b>los primeros s\u00edntomas<\/b>\u00a0de un malestar.<\/p>\n<p class=\"paragraph\" data-mrf-recirculation=\"Links inline\"><b>M\u00e1s de una hora despu\u00e9s, tras saludar a su enfermero, entr\u00f3 en coma y muri\u00f3 a las 07:35 hora local<\/b>.<\/p>\n<p class=\"paragraph\" data-mrf-recirculation=\"Links inline\">\u201c<b>No sufri\u00f3, todo sucedi\u00f3 r\u00e1pidamente, dicen quienes estuvieron a su lado en esos \u00faltimos momentos<\/b>\u201d, relata\u00a0<i>Vatican News<\/i>, en base al testimonio de las personas presentes.<\/p>\n<p class=\"paragraph\" data-mrf-recirculation=\"Links inline\">\u201c<b>Una muerte discreta, casi repentina<\/b>, sin largas esperas ni demasiado clamor para un papa que siempre hab\u00eda mantenido su salud en gran secreto\u201d, agrega el medio oficial.<\/p>\n<p class=\"paragraph\" data-mrf-recirculation=\"Links inline\">El funeral de Jorge Mario Bergoglio tendr\u00e1 lugar el s\u00e1bado en presencia de una multitud de fieles y de dirigentes extranjeros, antes de la convocatoria de un c\u00f3nclave para escoger<\/p>\n<p class=\"paragraph\" data-mrf-recirculation=\"Links inline\">a su sucesor.<\/p>\n<p class=\"paragraph\" data-mrf-recirculation=\"Links inline\">En tanto, el\u00a0<b>Vaticano<\/b>\u00a0difundi\u00f3 este<b>\u00a0<\/b>martes las\u00a0<a href=\"https:\/\/www.infobae.com\/america\/mundo\/2025\/04\/22\/el-vaticano-publico-las-primeras-imagenes-del-papa-francisco-en-su-feretro\/\" target=\"_blank\" rel=\"noopener noreferrer\" data-mrf-link=\"https:\/\/www.infobae.com\/america\/mundo\/2025\/04\/22\/el-vaticano-publico-las-primeras-imagenes-del-papa-francisco-en-su-feretro\/\"><b>primeras im\u00e1genes del papa Francisco<\/b>\u00a0dentro del\u00a0<b>f\u00e9retro<\/b><\/a>, tras su fallecimiento el lunes a los 88 a\u00f1os en la\u00a0<b>Casa Santa Marta<\/b><\/p>\n<p class=\"paragraph\" data-mrf-recirculation=\"Links inline\">su residencia desde el inicio de su pontificado en 2013.<\/p>\n<p class=\"paragraph\" data-mrf-recirculation=\"Links inline\">Las fotograf\u00edas, captadas durante el\u00a0<b>acto de constataci\u00f3n de la muerte<\/b>\u00a0a las 20:00 horas (18:00 GMT) del lunes, muestran al pont\u00edfice vestido con una\u00a0<b>t\u00fanica roja<\/b><\/p>\n<p class=\"paragraph\" data-mrf-recirculation=\"Links inline\">\u2014color lit\u00fargico reservado para funerales papales\u2014, con una\u00a0<b>mitra blanca<\/b>\u00a0sobre la cabeza y un\u00a0<b>rosario negro<\/b>\u00a0entrelazado en sus manos, s\u00edmbolo de su profunda devoci\u00f3n mariana.<\/p>\n<p class=\"paragraph\" data-mrf-recirculation=\"Links inline\">Francisco yace dentro de un\u00a0<b>f\u00e9retro de madera forrado en terciopelo rojo<\/b>, dispuesto en la capilla privada de la residencia, donde permaneci\u00f3 rodeado de<\/p>\n<p class=\"paragraph\" data-mrf-recirculation=\"Links inline\"><b>sus colaboradores m\u00e1s cercanos y numerosos cardenales<\/b>\u00a0presentes en Roma.<\/p>\n<p class=\"paragraph\" data-mrf-recirculation=\"Links inline\">Estas im\u00e1genes forman parte del riguroso protocolo que se activa tras la muerte de un Papa.<\/p>\n<p class=\"paragraph\" data-mrf-recirculation=\"Links inline\">Su apartamento en Santa Marta fue\u00a0<b>sellado oficialmente<\/b>, como establece la constituci\u00f3n apost\u00f3lica\u00a0<i>Universi Dominici Gregis<\/i>, en tanto se avanza con la organizaci\u00f3n de los<\/p>\n<p class=\"paragraph\" data-mrf-recirculation=\"Links inline\">actos f\u00fanebres.<strong>(I)<\/strong><\/p>\n<p data-mrf-recirculation=\"Links inline\"><strong>Fuente<\/strong>: evafm.net &#8211; infobae.com<\/p>\n<p>&nbsp;<\/p>\n<p>&nbsp;<\/p>\n<div class=\"gsp_post_data\" \r\n\t            data-post_type=\"post\" \r\n\t            data-cat=\"general,noticias-internacionales,uncategorized\" \r\n\t            data-modified=\"120\"\r\n\t            data-created=\"1745358703\"\r\n\t            data-title=\"Revelaron c\u00f3mo fueron las \u00faltimas horas del papa Francisco\" \r\n\t            data-home=\"https:\/\/www.evafm.net\/sitio\"><\/div>","protected":false},"excerpt":{"rendered":"<p>\u201cGracias por traerme de vuelta a la plaza\u201d de San Pedro, dijo el\u00a0papa Francisco\u00a0a su\u00a0enfermero\u00a0por animarlo a realizar un\u00a0\u00faltimo ba\u00f1o de multitudes a bordo del papam\u00f3vil el domingo horas antes de su muerte. &nbsp; El medio oficial de la Santa Sede,\u00a0Vatican News, recogi\u00f3 este martes estas\u00a0palabras que el primer pont\u00edfice latinoamericano dijo a su fiel&#8230;<\/p>\n","protected":false},"author":5,"featured_media":88401,"comment_status":"closed","ping_status":"open","sticky":false,"template":"","format":"standard","meta":{"_joinchat":[],"footnotes":""},"categories":[1720,1345,1],"tags":[],"class_list":["post-88386","post","type-post","status-publish","format-standard","has-post-thumbnail","hentry","category-general","category-noticias-internacionales","category-uncategorized","have-post-thumb"],"_links":{"self":[{"href":"https:\/\/www.evafm.net\/sitio\/wp-json\/wp\/v2\/posts\/88386","targetHints":{"allow":["GET"]}}],"collection":[{"href":"https:\/\/www.evafm.net\/sitio\/wp-json\/wp\/v2\/posts"}],"about":[{"href":"https:\/\/www.evafm.net\/sitio\/wp-json\/wp\/v2\/types\/post"}],"author":[{"embeddable":true,"href":"https:\/\/www.evafm.net\/sitio\/wp-json\/wp\/v2\/users\/5"}],"replies":[{"embeddable":true,"href":"https:\/\/www.evafm.net\/sitio\/wp-json\/wp\/v2\/comments?post=88386"}],"version-history":[{"count":1,"href":"https:\/\/www.evafm.net\/sitio\/wp-json\/wp\/v2\/posts\/88386\/revisions"}],"predecessor-version":[{"id":88402,"href":"https:\/\/www.evafm.net\/sitio\/wp-json\/wp\/v2\/posts\/88386\/revisions\/88402"}],"wp:featuredmedia":[{"embeddable":true,"href":"https:\/\/www.evafm.net\/sitio\/wp-json\/wp\/v2\/media\/88401"}],"wp:attachment":[{"href":"https:\/\/www.evafm.net\/sitio\/wp-json\/wp\/v2\/media?parent=88386"}],"wp:term":[{"taxonomy":"category","embeddable":true,"href":"https:\/\/www.evafm.net\/sitio\/wp-json\/wp\/v2\/categories?post=88386"},{"taxonomy":"post_tag","embeddable":true,"href":"https:\/\/www.evafm.net\/sitio\/wp-json\/wp\/v2\/tags?post=88386"}],"curies":[{"name":"wp","href":"https:\/\/api.w.org\/{rel}","templated":true}]}}