{"id":88387,"date":"2025-04-22T21:53:05","date_gmt":"2025-04-23T02:53:05","guid":{"rendered":"https:\/\/www.evafm.net\/sitio\/?p=88387"},"modified":"2025-04-22T21:53:05","modified_gmt":"2025-04-23T02:53:05","slug":"jugador-de-el-nacional-investigado-por-conmebol","status":"publish","type":"post","link":"https:\/\/www.evafm.net\/sitio\/jugador-de-el-nacional-investigado-por-conmebol\/","title":{"rendered":"Jugador de El Nacional investigado por Conmebol"},"content":{"rendered":"<p>El mediocampista ecuatoriano <strong>Marcos Olmedo, de El Nacional,<\/strong> enfrenta una investigaci\u00f3n de la<strong> Conmebol<\/strong> tras supuestamente dar positivo en un control antidoping realizado durante<\/p>\n<p>el partido de vuelta contra <strong>Barcelona SC, por la Fase 2 de la Copa Libertadores 2025.<\/strong><\/p>\n<p>La noticia fue dada a conocer por el periodista <strong>Roberto Omar Machado en la plataforma X.<\/strong><\/p>\n<p>&nbsp;<\/p>\n<p>El hecho habr\u00eda ocurrido en el encuentro del 26 de febrero de 2025, donde El Nacional empat\u00f3 1-1 en Guayaquil, quedando eliminado con un <strong>global de 2-1.<\/strong><\/p>\n<div id=\"standard_4\" class=\"st-placement standard_4 inArticle\"><\/div>\n<p>\u201cEs un problema del jugador que nos recae a nosotros. Es verdad en este momento est\u00e1 siendo investigado.<\/p>\n<p>No es por sustancia psicotr\u00f3pica.<\/p>\n<p>No me quiero adelantar a dar una opini\u00f3n sobre las sustancias.<\/p>\n<p>Le hemos prestado los servicios de nuestros abogados, ya se mand\u00f3 una carta a la <strong>Conmebol. <\/strong><\/p>\n<p>Sali\u00f3 justamente esto en el partido ante<strong> Barcelona.<\/strong><\/p>\n<p>No ha llegado ninguna sanci\u00f3n todav\u00eda\u00bb expres\u00f3<strong> Marco Pazos,<\/strong> presidente del Club en una entrevista con<strong> MachDeportes.<\/strong><\/p>\n<p>&nbsp;<\/p>\n<p>Olmedo, de 25 a\u00f1os, es un elemento destacado en El Nacional, con un rol clave en la <strong>Supercopa Ecuador y en la Libertadores<\/strong>, incluyendo un penal decisivo contra <strong>Blooming.<\/strong><\/p>\n<p>Sin embargo, este inicio de temporada tambi\u00e9n ha estado marcado por episodios de indisciplina, como una sanci\u00f3n interna en febrero de <strong>2025.<\/strong><\/p>\n<div class=\"google-auto-placed ap_container\">\n<p>&nbsp;<\/p>\n<div id=\"aswift_1_host\"><\/div>\n<p>&nbsp;<\/p>\n<\/div>\n<p>De confirmarse el positivo, Olmedo podr\u00eda enfrentar una suspensi\u00f3n significativa, similar a casos previos de la Conmebol como el de <strong>\u00d3scar Zambrano<\/strong><\/p>\n<p><strong> (actualmente se est\u00e1 esperando decisi\u00f3n del TAS). <\/strong><\/p>\n<p>Mientras se aguardan comunicados oficiales, el f\u00fatbol ecuatoriano permanece atento a este caso que podr\u00eda impactar el futuro del jugador y su equipo. <strong>(D)<\/strong><\/p>\n<p>&nbsp;<\/p>\n<p><strong>Fuente<\/strong>: evafm.net &#8211; studiofutbol.com.ec<\/p>\n<p>&nbsp;<\/p>\n<p>&nbsp;<\/p>\n<div class=\"gsp_post_data\" \r\n\t            data-post_type=\"post\" \r\n\t            data-cat=\"deportes-ecuador,general,uncategorized\" \r\n\t            data-modified=\"120\"\r\n\t            data-created=\"1745358785\"\r\n\t            data-title=\"Jugador de El Nacional investigado por Conmebol\" \r\n\t            data-home=\"https:\/\/www.evafm.net\/sitio\"><\/div>","protected":false},"excerpt":{"rendered":"<p>El mediocampista ecuatoriano Marcos Olmedo, de El Nacional, enfrenta una investigaci\u00f3n de la Conmebol tras supuestamente dar positivo en un control antidoping realizado durante el partido de vuelta contra Barcelona SC, por la Fase 2 de la Copa Libertadores 2025. La noticia fue dada a conocer por el periodista Roberto Omar Machado en la plataforma&#8230;<\/p>\n","protected":false},"author":5,"featured_media":88403,"comment_status":"closed","ping_status":"open","sticky":false,"template":"","format":"standard","meta":{"_joinchat":[],"footnotes":""},"categories":[1557,1720,1],"tags":[],"class_list":["post-88387","post","type-post","status-publish","format-standard","has-post-thumbnail","hentry","category-deportes-ecuador","category-general","category-uncategorized","have-post-thumb"],"_links":{"self":[{"href":"https:\/\/www.evafm.net\/sitio\/wp-json\/wp\/v2\/posts\/88387","targetHints":{"allow":["GET"]}}],"collection":[{"href":"https:\/\/www.evafm.net\/sitio\/wp-json\/wp\/v2\/posts"}],"about":[{"href":"https:\/\/www.evafm.net\/sitio\/wp-json\/wp\/v2\/types\/post"}],"author":[{"embeddable":true,"href":"https:\/\/www.evafm.net\/sitio\/wp-json\/wp\/v2\/users\/5"}],"replies":[{"embeddable":true,"href":"https:\/\/www.evafm.net\/sitio\/wp-json\/wp\/v2\/comments?post=88387"}],"version-history":[{"count":1,"href":"https:\/\/www.evafm.net\/sitio\/wp-json\/wp\/v2\/posts\/88387\/revisions"}],"predecessor-version":[{"id":88404,"href":"https:\/\/www.evafm.net\/sitio\/wp-json\/wp\/v2\/posts\/88387\/revisions\/88404"}],"wp:featuredmedia":[{"embeddable":true,"href":"https:\/\/www.evafm.net\/sitio\/wp-json\/wp\/v2\/media\/88403"}],"wp:attachment":[{"href":"https:\/\/www.evafm.net\/sitio\/wp-json\/wp\/v2\/media?parent=88387"}],"wp:term":[{"taxonomy":"category","embeddable":true,"href":"https:\/\/www.evafm.net\/sitio\/wp-json\/wp\/v2\/categories?post=88387"},{"taxonomy":"post_tag","embeddable":true,"href":"https:\/\/www.evafm.net\/sitio\/wp-json\/wp\/v2\/tags?post=88387"}],"curies":[{"name":"wp","href":"https:\/\/api.w.org\/{rel}","templated":true}]}}