{"id":88388,"date":"2025-04-22T21:54:30","date_gmt":"2025-04-23T02:54:30","guid":{"rendered":"https:\/\/www.evafm.net\/sitio\/?p=88388"},"modified":"2025-04-22T21:55:18","modified_gmt":"2025-04-23T02:55:18","slug":"conmebol-anuncio-minuto-de-silencio-en-honor-al-papa-francisco-en-todos-sus-partidos","status":"publish","type":"post","link":"https:\/\/www.evafm.net\/sitio\/conmebol-anuncio-minuto-de-silencio-en-honor-al-papa-francisco-en-todos-sus-partidos\/","title":{"rendered":"Conmebol anunci\u00f3 minuto de silencio en honor al Papa Francisco en todos sus partidos"},"content":{"rendered":"<p><strong>La Conmebol<\/strong> ha confirmado que se guardar\u00e1 un minuto de silencio en todos los partidos organizados por la entidad en homenaje al fallecimiento del<strong> Papa Francisco.<\/strong><\/p>\n<p>Esta medida ser\u00e1 implementada en todos los encuentros correspondientes a la tercera fecha de la fase de grupos de las competiciones de la<\/p>\n<div class=\"td-a-ad id_inline_ad0 id_ad_content-horiz-center\">\n<p><strong>Copa Libertadores y Copa Sudamericana<\/strong>, que se disputan a partir de <strong>esta noche.<\/strong><\/p>\n<p>&nbsp;<\/p>\n<p>El gesto ser\u00e1 realizado en se\u00f1al de respeto y en reconocimiento a la figura del Papa Francisco, quien falleci\u00f3 recientemente.<\/p>\n<p>La Conmebol ha decidido rendir este homenaje en todos los estadios donde se jueguen los partidos de ambos torneos continentales.<\/p>\n<p>&nbsp;<\/p>\n<p>Este minuto de silencio se llevar\u00e1 a cabo antes del inicio de cada encuentro, como muestra de solidaridad con los millones de seguidores del Papa en Am\u00e9rica Latina<\/p>\n<p>y el mundo especialmente en pa\u00edses con una fuerte devoci\u00f3n al<strong> Papa Francisco. (D)<\/strong><\/p>\n<\/div>\n<p>&nbsp;<\/p>\n<p>&nbsp;<\/p>\n<p>Fuente: evafm.net &#8211; stu<\/p>\n<div class=\"gsp_post_data\" \r\n\t            data-post_type=\"post\" \r\n\t            data-cat=\"deportes-internacionales,general,uncategorized\" \r\n\t            data-modified=\"120\"\r\n\t            data-created=\"1745358870\"\r\n\t            data-title=\"Conmebol anunci\u00f3 minuto de silencio en honor al Papa Francisco en todos sus partidos\" \r\n\t            data-home=\"https:\/\/www.evafm.net\/sitio\"><\/div>","protected":false},"excerpt":{"rendered":"<p>La Conmebol ha confirmado que se guardar\u00e1 un minuto de silencio en todos los partidos organizados por la entidad en homenaje al fallecimiento del Papa Francisco. Esta medida ser\u00e1 implementada en todos los encuentros correspondientes a la tercera fecha de la fase de grupos de las competiciones de la Copa Libertadores y Copa Sudamericana, que&#8230;<\/p>\n","protected":false},"author":5,"featured_media":88405,"comment_status":"closed","ping_status":"open","sticky":false,"template":"","format":"standard","meta":{"_joinchat":[],"footnotes":""},"categories":[1342,1720,1],"tags":[],"class_list":["post-88388","post","type-post","status-publish","format-standard","has-post-thumbnail","hentry","category-deportes-internacionales","category-general","category-uncategorized","have-post-thumb"],"_links":{"self":[{"href":"https:\/\/www.evafm.net\/sitio\/wp-json\/wp\/v2\/posts\/88388","targetHints":{"allow":["GET"]}}],"collection":[{"href":"https:\/\/www.evafm.net\/sitio\/wp-json\/wp\/v2\/posts"}],"about":[{"href":"https:\/\/www.evafm.net\/sitio\/wp-json\/wp\/v2\/types\/post"}],"author":[{"embeddable":true,"href":"https:\/\/www.evafm.net\/sitio\/wp-json\/wp\/v2\/users\/5"}],"replies":[{"embeddable":true,"href":"https:\/\/www.evafm.net\/sitio\/wp-json\/wp\/v2\/comments?post=88388"}],"version-history":[{"count":1,"href":"https:\/\/www.evafm.net\/sitio\/wp-json\/wp\/v2\/posts\/88388\/revisions"}],"predecessor-version":[{"id":88406,"href":"https:\/\/www.evafm.net\/sitio\/wp-json\/wp\/v2\/posts\/88388\/revisions\/88406"}],"wp:featuredmedia":[{"embeddable":true,"href":"https:\/\/www.evafm.net\/sitio\/wp-json\/wp\/v2\/media\/88405"}],"wp:attachment":[{"href":"https:\/\/www.evafm.net\/sitio\/wp-json\/wp\/v2\/media?parent=88388"}],"wp:term":[{"taxonomy":"category","embeddable":true,"href":"https:\/\/www.evafm.net\/sitio\/wp-json\/wp\/v2\/categories?post=88388"},{"taxonomy":"post_tag","embeddable":true,"href":"https:\/\/www.evafm.net\/sitio\/wp-json\/wp\/v2\/tags?post=88388"}],"curies":[{"name":"wp","href":"https:\/\/api.w.org\/{rel}","templated":true}]}}