{"id":88389,"date":"2025-04-22T18:13:37","date_gmt":"2025-04-22T23:13:37","guid":{"rendered":"https:\/\/www.evafm.net\/sitio\/?p=88389"},"modified":"2025-04-22T18:13:37","modified_gmt":"2025-04-22T23:13:37","slug":"roberto-bonafont-tuvo-un-infarto-pero-ya-esta-estable-en-la-clinica-guayaquil","status":"publish","type":"post","link":"https:\/\/www.evafm.net\/sitio\/roberto-bonafont-tuvo-un-infarto-pero-ya-esta-estable-en-la-clinica-guayaquil\/","title":{"rendered":"Roberto Bonafont tuvo un infarto pero ya est\u00e1 estable en la Cl\u00ednica Guayaquil"},"content":{"rendered":"<p><b><a href=\"https:\/\/www.ecuavisa.com\/deportes\/futbol-nacional\/roberto-bonafont-dejo-su-programa-en-vivo-y-fue-llevado-a-un-hospital-por-un-fuerte-dolor-en-el-pecho-JK9194759\">Roberto Bonafont<\/a><\/b>\u00a0sufri\u00f3 un infarto este martes 22 de abril, as\u00ed lo pudo conocer Ecuavisa.com.<\/p>\n<p>&nbsp;<\/p>\n<p>Bonafont estaba conduciendo su programa &#8216;Pateando Tachos&#8217;, en la radio Dibl\u00fa, hablando de la previa entre\u00a0<b>Barcelona SC y Universitario por la Copa Libertadores.<\/b><\/p>\n<p><b> cuando se qued\u00f3 en silencio unos segundos, se alej\u00f3 del micr\u00f3fono e hizo un gesto al resto de sus colegas para que contin\u00faen, mientras \u00e9l dej\u00f3 la cabina.<\/b><\/p>\n<p>&nbsp;<\/p>\n<p>Bonafont tuvo que ser llevado de urgencia a la\u00a0<b>Cl\u00ednica Guayaquil<\/b>\u00a0para recibir asistencia m\u00e9dica.<\/p>\n<p>Fue estabilizado y despu\u00e9s recibi\u00f3 el procedimiento de cateterismo card\u00edaco.<\/p>\n<p>Su amigo y colega,\u00a0<b>Alfonso Harb<\/b>, dio m\u00e1s detalles sobre su estado de salud: \u00abHa culminado con \u00e9xito el cateterismo\u00bb, escribi\u00f3 en X.<\/p>\n<p>&nbsp;<\/p>\n<p>Bonafont\u00a0<b>\u00abtuvo tapada las dos arterias coronarias anteriores en un porcentaje superior al 90%<\/b>. Su situaci\u00f3n fue realmente cr\u00edtica pero con la intervenci\u00f3n<\/p>\n<p>le fueron<\/p>\n<p>dilatadas y ya est\u00e1 sin dolor y en observaci\u00f3n\u00bb, coment\u00f3 <strong>Harb.<\/strong><\/p>\n<p>&nbsp;<\/p>\n<p>Seg\u00fan el periodista, \u00abel peligro ahora es menor, aunque siempre persiste durante las primeras horas posteriores.<\/p>\n<p><strong>Roberto<\/strong> ya est\u00e1 consciente e incluso desea retirarse de la cl\u00ednica, pero los doctores le recomiendan que debe permanecer por lo menos un par de d\u00edas m\u00e1s.<\/p>\n<p>La situaci\u00f3n logr\u00f3 controlarse\u00bb.<\/p>\n<p>&nbsp;<\/p>\n<p>El cateterismo es un procedimiento que consiste en la introducci\u00f3n de un tubo delgado y flexible, a trav\u00e9s de un\u00a0<b>vaso sangu\u00edneo<\/b>\u00a0hasta llegar al coraz\u00f3n.<\/p>\n<p>&nbsp;<\/p>\n<p>Se utiliza para diagnosticar y tratar diversas enfermedades card\u00edacas, como obstrucciones en las arterias, latidos irregulares y problemas en las v\u00e1lvulas card\u00edacas.<\/p>\n<p>Por ahora se encuentra internado bajo observaci\u00f3n para esperar su evoluci\u00f3n, la cual es considerada estable.<\/p>\n<p>&nbsp;<\/p>\n<p><b>Bonafont<\/b>\u00a0es un periodista legendario de la pantalla y la radio ecuatoriana, quien ha cubierto distintos mundiales, <strong>Copa Am\u00e9rica y Campeonato Nacional. (D)<\/strong><\/p>\n<p>&nbsp;<\/p>\n<p><strong>Fuente:<\/strong> evafm.net &#8211; ecuavisa.com<\/p>\n<p>&nbsp;<\/p>\n<div class=\"gsp_post_data\" \r\n\t            data-post_type=\"post\" \r\n\t            data-cat=\"deportes-ecuador\" \r\n\t            data-modified=\"120\"\r\n\t            data-created=\"1745345617\"\r\n\t            data-title=\"Roberto Bonafont tuvo un infarto pero ya est\u00e1 estable en la Cl\u00ednica Guayaquil\" \r\n\t            data-home=\"https:\/\/www.evafm.net\/sitio\"><\/div>","protected":false},"excerpt":{"rendered":"<p>Roberto Bonafont\u00a0sufri\u00f3 un infarto este martes 22 de abril, as\u00ed lo pudo conocer Ecuavisa.com. &nbsp; Bonafont estaba conduciendo su programa &#8216;Pateando Tachos&#8217;, en la radio Dibl\u00fa, hablando de la previa entre\u00a0Barcelona SC y Universitario por la Copa Libertadores. cuando se qued\u00f3 en silencio unos segundos, se alej\u00f3 del micr\u00f3fono e hizo un gesto al resto&#8230;<\/p>\n","protected":false},"author":5,"featured_media":88390,"comment_status":"closed","ping_status":"open","sticky":false,"template":"","format":"standard","meta":{"_joinchat":[],"footnotes":""},"categories":[1557],"tags":[],"class_list":["post-88389","post","type-post","status-publish","format-standard","has-post-thumbnail","hentry","category-deportes-ecuador","have-post-thumb"],"_links":{"self":[{"href":"https:\/\/www.evafm.net\/sitio\/wp-json\/wp\/v2\/posts\/88389","targetHints":{"allow":["GET"]}}],"collection":[{"href":"https:\/\/www.evafm.net\/sitio\/wp-json\/wp\/v2\/posts"}],"about":[{"href":"https:\/\/www.evafm.net\/sitio\/wp-json\/wp\/v2\/types\/post"}],"author":[{"embeddable":true,"href":"https:\/\/www.evafm.net\/sitio\/wp-json\/wp\/v2\/users\/5"}],"replies":[{"embeddable":true,"href":"https:\/\/www.evafm.net\/sitio\/wp-json\/wp\/v2\/comments?post=88389"}],"version-history":[{"count":1,"href":"https:\/\/www.evafm.net\/sitio\/wp-json\/wp\/v2\/posts\/88389\/revisions"}],"predecessor-version":[{"id":88391,"href":"https:\/\/www.evafm.net\/sitio\/wp-json\/wp\/v2\/posts\/88389\/revisions\/88391"}],"wp:featuredmedia":[{"embeddable":true,"href":"https:\/\/www.evafm.net\/sitio\/wp-json\/wp\/v2\/media\/88390"}],"wp:attachment":[{"href":"https:\/\/www.evafm.net\/sitio\/wp-json\/wp\/v2\/media?parent=88389"}],"wp:term":[{"taxonomy":"category","embeddable":true,"href":"https:\/\/www.evafm.net\/sitio\/wp-json\/wp\/v2\/categories?post=88389"},{"taxonomy":"post_tag","embeddable":true,"href":"https:\/\/www.evafm.net\/sitio\/wp-json\/wp\/v2\/tags?post=88389"}],"curies":[{"name":"wp","href":"https:\/\/api.w.org\/{rel}","templated":true}]}}