{"id":88407,"date":"2025-04-23T19:27:58","date_gmt":"2025-04-24T00:27:58","guid":{"rendered":"https:\/\/www.evafm.net\/sitio\/?p=88407"},"modified":"2025-04-23T19:27:58","modified_gmt":"2025-04-24T00:27:58","slug":"noboa-debera-ajustar-presupuesto-2025-tras-su-posesion","status":"publish","type":"post","link":"https:\/\/www.evafm.net\/sitio\/noboa-debera-ajustar-presupuesto-2025-tras-su-posesion\/","title":{"rendered":"Noboa deber\u00e1 ajustar presupuesto 2025 tras su posesi\u00f3n"},"content":{"rendered":"<p>Una de las primeras tareas del presidente de la Rep\u00fablica,\u00a0<b><a href=\"https:\/\/www.ecuavisa.com\/noticias\/politica\/audiencia-contra-daniel-noboa-sera-1-mayo-2025-MX9198538\" target=\"_blank\" rel=\"noopener noreferrer\">Daniel Noboa<\/a><\/b>, luego de que comience su nuevo periodo de gobierno, ser\u00e1 reformular el\u00a0<b>Presupuesto General del Estado<\/b>\u00a0para 2025.<\/p>\n<p>Actualmente, el Gobierno opera con un presupuesto prorrogado de 2024 por\u00a0<b>USD 36 000 millones<\/b>, pero la\u00a0<b>Constituci\u00f3n<\/b>\u00a0le otorga la facultad de presentar una nueva proforma presupuestaria<\/p>\n<p>una vez que asuma funciones.<\/p>\n<p>&nbsp;<\/p>\n<p>Entre los ajustes m\u00e1s urgentes est\u00e1 la revisi\u00f3n del precio referencial del\u00a0<b>petr\u00f3leo<\/b>.<\/p>\n<p>En la proforma vigente se calcul\u00f3 el barril en <strong>66 d\u00f3lares<\/strong>, pero en las \u00faltimas semanas el precio ha rondado los<strong> 62 d\u00f3lares<\/strong> y, con el castigo aplicado al crudo ecuatoriano, la proyecci\u00f3n realista<\/p>\n<p>estar\u00eda entre <strong>55 y 60 d\u00f3lares.<\/strong><\/p>\n<p>&nbsp;<\/p>\n<p>Aunque este recorte podr\u00eda afectar los ingresos, el exministro de Econom\u00eda Fausto Ortiz considera que el impacto puede compensarse, por ejemplo, con los costos por la importaci\u00f3n de<\/p>\n<p><b>combustibles<\/b>.<\/p>\n<p>&nbsp;<\/p>\n<p>Sin embargo, el mayor desaf\u00edo ser\u00e1 la cobertura del d\u00e9ficit fiscal y el cumplimiento de las obligaciones de deuda.<\/p>\n<p>Ortiz estima que el d\u00e9ficit podr\u00eda ubicarse entre 4 500 y 5 000 millones de d\u00f3lares, mientras que las amortizaciones de deuda superan los 6 000 millones.<\/p>\n<p>\u00abHasta marzo de este a\u00f1o ya se hab\u00edan conseguido m\u00e1s de 3 300 millones en financiamiento\u00bb, puntualiz\u00f3 el exministro, pero a\u00fan se requiere un plan claro para completar los recursos.<\/p>\n<p>&nbsp;<\/p>\n<p>En ese sentido, el presidente del<b>\u00a0Colegio de Economistas de Pichincha<\/b>, Juan Carlos Salvador, advierte que una de las prioridades del nuevo Gobierno debe ser generar mayor confianza<\/p>\n<p>en los mercados internacionales. \u00abEso facilitar\u00eda el acceso a cr\u00e9dito y reducir\u00eda el costo de financiamiento externo\u00bb, explic\u00f3.<\/p>\n<p>&nbsp;<\/p>\n<p>Como alternativa adicional, Salvador sugiere impulsar una reforma tributaria enfocada en la\u00a0<b>eficiencia de la recaudaci\u00f3n<\/b>.<\/p>\n<p>Esta no implicar\u00eda aumentar impuestos, sino revisar exoneraciones y eliminar exenciones innecesarias para mejorar los ingresos fiscales.<\/p>\n<p>&nbsp;<\/p>\n<p>Noboa tendr\u00e1 hasta 90 d\u00edas despu\u00e9s de su posesi\u00f3n para presentar la proforma presupuestaria de 2025 ante la\u00a0<b>Asamblea Nacional<\/b>.<\/p>\n<p>Y en octubre, ya deber\u00e1 entregar tambi\u00e9n el proyecto de presupuesto para el a\u00f1o 2026, lo que supone una exigente agenda fiscal para el segundo semestre de 2025. <strong>(I)<\/strong><\/p>\n<p>&nbsp;<\/p>\n<p><strong>Fuente:<\/strong> evafm.net &#8211; ecuavisa.com<\/p>\n<div class=\"gsp_post_data\" \r\n\t            data-post_type=\"post\" \r\n\t            data-cat=\"general,noticias-ecuador,uncategorized\" \r\n\t            data-modified=\"120\"\r\n\t            data-created=\"1745436478\"\r\n\t            data-title=\"Noboa deber\u00e1 ajustar presupuesto 2025 tras su posesi\u00f3n\" \r\n\t            data-home=\"https:\/\/www.evafm.net\/sitio\"><\/div>","protected":false},"excerpt":{"rendered":"<p>Una de las primeras tareas del presidente de la Rep\u00fablica,\u00a0Daniel Noboa, luego de que comience su nuevo periodo de gobierno, ser\u00e1 reformular el\u00a0Presupuesto General del Estado\u00a0para 2025. Actualmente, el Gobierno opera con un presupuesto prorrogado de 2024 por\u00a0USD 36 000 millones, pero la\u00a0Constituci\u00f3n\u00a0le otorga la facultad de presentar una nueva proforma presupuestaria una vez que&#8230;<\/p>\n","protected":false},"author":5,"featured_media":88436,"comment_status":"closed","ping_status":"open","sticky":false,"template":"","format":"standard","meta":{"_joinchat":[],"footnotes":""},"categories":[1720,1558,1],"tags":[],"class_list":["post-88407","post","type-post","status-publish","format-standard","has-post-thumbnail","hentry","category-general","category-noticias-ecuador","category-uncategorized","have-post-thumb"],"_links":{"self":[{"href":"https:\/\/www.evafm.net\/sitio\/wp-json\/wp\/v2\/posts\/88407","targetHints":{"allow":["GET"]}}],"collection":[{"href":"https:\/\/www.evafm.net\/sitio\/wp-json\/wp\/v2\/posts"}],"about":[{"href":"https:\/\/www.evafm.net\/sitio\/wp-json\/wp\/v2\/types\/post"}],"author":[{"embeddable":true,"href":"https:\/\/www.evafm.net\/sitio\/wp-json\/wp\/v2\/users\/5"}],"replies":[{"embeddable":true,"href":"https:\/\/www.evafm.net\/sitio\/wp-json\/wp\/v2\/comments?post=88407"}],"version-history":[{"count":1,"href":"https:\/\/www.evafm.net\/sitio\/wp-json\/wp\/v2\/posts\/88407\/revisions"}],"predecessor-version":[{"id":88437,"href":"https:\/\/www.evafm.net\/sitio\/wp-json\/wp\/v2\/posts\/88407\/revisions\/88437"}],"wp:featuredmedia":[{"embeddable":true,"href":"https:\/\/www.evafm.net\/sitio\/wp-json\/wp\/v2\/media\/88436"}],"wp:attachment":[{"href":"https:\/\/www.evafm.net\/sitio\/wp-json\/wp\/v2\/media?parent=88407"}],"wp:term":[{"taxonomy":"category","embeddable":true,"href":"https:\/\/www.evafm.net\/sitio\/wp-json\/wp\/v2\/categories?post=88407"},{"taxonomy":"post_tag","embeddable":true,"href":"https:\/\/www.evafm.net\/sitio\/wp-json\/wp\/v2\/tags?post=88407"}],"curies":[{"name":"wp","href":"https:\/\/api.w.org\/{rel}","templated":true}]}}