{"id":88409,"date":"2025-04-23T10:27:59","date_gmt":"2025-04-23T15:27:59","guid":{"rendered":"https:\/\/www.evafm.net\/sitio\/?p=88409"},"modified":"2025-04-23T10:27:59","modified_gmt":"2025-04-23T15:27:59","slug":"pachuca-seria-el-rival-de-barcelona-sc-seria-pachuca-en-la-noche-centenario","status":"publish","type":"post","link":"https:\/\/www.evafm.net\/sitio\/pachuca-seria-el-rival-de-barcelona-sc-seria-pachuca-en-la-noche-centenario\/","title":{"rendered":"Pachuca ser\u00eda el rival de Barcelona SC  seria Pachuca en la Noche Centenario"},"content":{"rendered":"<p><strong>Juan Francisco Rueda,<\/strong> en una reciente declaraci\u00f3n, comparti\u00f3 emocionantes detalles sobre los preparativos para conmemorar el centenario del<strong> Barcelona S. C<\/strong><\/p>\n<p>uno de los clubes m\u00e1s emblem\u00e1ticos del f\u00fatbol ecuatoriano.<\/p>\n<p>La celebraci\u00f3n, programada para e<strong>l 30 de abril de 2025,<\/strong> promete ser un evento hist\u00f3rico que reunir\u00e1 a miles de hinchas barcelonistas en una noche llena de emoci\u00f3n, homenaje y unidad.<\/p>\n<p>El plato fuerte de la velada ser\u00e1 un partido amistoso que, seg\u00fan lo anunciado, enfrentar\u00eda al conjunto torero contra el <strong>Pachuca de M\u00e9xico,<\/strong> equipo dirigido por el reconocido entrenador<\/p>\n<p>uruguayo<strong> Guillermo Almada,<\/strong> exdirector t\u00e9cnico de Barcelona.<\/p>\n<p>Aunque la participaci\u00f3n del Pachuca est\u00e1 a\u00fan por confirmarse oficialmente, la posibilidad ha generado gran expectativa entre los aficionados.<\/p>\n<p>&nbsp;<\/p>\n<p>La noche del centenario no solo se centrar\u00e1 en el encuentro deportivo, sino que estar\u00e1 acompa\u00f1ada de una serie de actividades dise\u00f1adas para rendir tributo a la rica historia del club<\/p>\n<p>y fortalecer el v\u00ednculo con su apasionada hinchada.<\/p>\n<p>&nbsp;<\/p>\n<p>Entre los eventos destacados, se realizar\u00e1 un reconocimiento especial a las leyendas que han marcado la trayectoria de <strong>Barcelona S.C,<\/strong> desde jugadores ic\u00f3nicos hasta figuras clave<\/p>\n<p>en su desarrollo institucional.<\/p>\n<p>Este homenaje busca resaltar el legado de quienes han contribuido a que el club sea conocido como el <strong>\u00ab\u00cddolo del Astillero\u00bb<\/strong> y uno de los m\u00e1s laureados del pa\u00eds. <strong>(D)<\/strong><\/p>\n<blockquote class=\"twitter-tweet\" data-width=\"550\" data-dnt=\"true\">\n<p lang=\"es\" dir=\"ltr\">\u00a1Se tira la casa por la ventana! \ud83e\udd2f<\/p>\n<p>As\u00ed vivir\u00e1 <a href=\"https:\/\/twitter.com\/hashtag\/BSC?src=hash&amp;ref_src=twsrc%5Etfw\">#BSC<\/a> \ud83d\udfe1\u26ab\ufe0f la noche del centenario este pr\u00f3ximo 30 de abril.<\/p>\n<p>\ud83d\udd1c La intenci\u00f3n es que venga el Pachuca de Almada, pero est\u00e1 pr\u00f3ximo a confirmarse.<\/p>\n<p>&#8211; Reconocimiento a leyendas del club. <br \/>&#8211; Invitados especiales. <br \/>&#8211; Contador en la mitad\u2026 <a href=\"https:\/\/t.co\/lFfGAwLPhM\">pic.twitter.com\/lFfGAwLPhM<\/a><\/p>\n<p>&mdash; Juan Francisco Rueda (@juanfranrueda_) <a href=\"https:\/\/twitter.com\/juanfranrueda_\/status\/1915021685629112611?ref_src=twsrc%5Etfw\">April 23, 2025<\/a><\/p><\/blockquote>\n<p><script async src=\"https:\/\/platform.twitter.com\/widgets.js\" charset=\"utf-8\"><\/script><\/p>\n<p>&nbsp;<\/p>\n<p><strong>Fuente:<\/strong> evafm.net &#8211; studiofutbol.com.ec<\/p>\n<div class=\"gsp_post_data\" \r\n\t            data-post_type=\"post\" \r\n\t            data-cat=\"deportes-ecuador\" \r\n\t            data-modified=\"120\"\r\n\t            data-created=\"1745404079\"\r\n\t            data-title=\"Pachuca ser\u00eda el rival de Barcelona SC  seria Pachuca en la Noche Centenario\" \r\n\t            data-home=\"https:\/\/www.evafm.net\/sitio\"><\/div>","protected":false},"excerpt":{"rendered":"<p>Juan Francisco Rueda, en una reciente declaraci\u00f3n, comparti\u00f3 emocionantes detalles sobre los preparativos para conmemorar el centenario del Barcelona S. C uno de los clubes m\u00e1s emblem\u00e1ticos del f\u00fatbol ecuatoriano. La celebraci\u00f3n, programada para el 30 de abril de 2025, promete ser un evento hist\u00f3rico que reunir\u00e1 a miles de hinchas barcelonistas en una noche&#8230;<\/p>\n","protected":false},"author":5,"featured_media":88410,"comment_status":"closed","ping_status":"open","sticky":false,"template":"","format":"standard","meta":{"_joinchat":[],"footnotes":""},"categories":[1557],"tags":[],"class_list":["post-88409","post","type-post","status-publish","format-standard","has-post-thumbnail","hentry","category-deportes-ecuador","have-post-thumb"],"_links":{"self":[{"href":"https:\/\/www.evafm.net\/sitio\/wp-json\/wp\/v2\/posts\/88409","targetHints":{"allow":["GET"]}}],"collection":[{"href":"https:\/\/www.evafm.net\/sitio\/wp-json\/wp\/v2\/posts"}],"about":[{"href":"https:\/\/www.evafm.net\/sitio\/wp-json\/wp\/v2\/types\/post"}],"author":[{"embeddable":true,"href":"https:\/\/www.evafm.net\/sitio\/wp-json\/wp\/v2\/users\/5"}],"replies":[{"embeddable":true,"href":"https:\/\/www.evafm.net\/sitio\/wp-json\/wp\/v2\/comments?post=88409"}],"version-history":[{"count":1,"href":"https:\/\/www.evafm.net\/sitio\/wp-json\/wp\/v2\/posts\/88409\/revisions"}],"predecessor-version":[{"id":88411,"href":"https:\/\/www.evafm.net\/sitio\/wp-json\/wp\/v2\/posts\/88409\/revisions\/88411"}],"wp:featuredmedia":[{"embeddable":true,"href":"https:\/\/www.evafm.net\/sitio\/wp-json\/wp\/v2\/media\/88410"}],"wp:attachment":[{"href":"https:\/\/www.evafm.net\/sitio\/wp-json\/wp\/v2\/media?parent=88409"}],"wp:term":[{"taxonomy":"category","embeddable":true,"href":"https:\/\/www.evafm.net\/sitio\/wp-json\/wp\/v2\/categories?post=88409"},{"taxonomy":"post_tag","embeddable":true,"href":"https:\/\/www.evafm.net\/sitio\/wp-json\/wp\/v2\/tags?post=88409"}],"curies":[{"name":"wp","href":"https:\/\/api.w.org\/{rel}","templated":true}]}}