{"id":88421,"date":"2025-04-23T16:20:19","date_gmt":"2025-04-23T21:20:19","guid":{"rendered":"https:\/\/www.evafm.net\/sitio\/?p=88421"},"modified":"2025-04-23T16:20:19","modified_gmt":"2025-04-23T21:20:19","slug":"cristian-loor-con-propuestas-desde-brasil","status":"publish","type":"post","link":"https:\/\/www.evafm.net\/sitio\/cristian-loor-con-propuestas-desde-brasil\/","title":{"rendered":"Cristian Loor, con propuestas desde Brasil"},"content":{"rendered":"<p><strong>Cristian Loor<\/strong>, joven arquero ecuatoriano de 19 a\u00f1os, se perfila como una de las posibles bajas de<strong> Independiente del Valle<\/strong> en el pr\u00f3ximo mercado de fichajes.<\/p>\n<p>El guardameta ha despertado el inter\u00e9s de equipos del f\u00fatbol brasile\u00f1o, lo que abre la puerta a una posible salida internacional en las pr\u00f3ximas semanas.<\/p>\n<p>&nbsp;<\/p>\n<p class=\"\" data-start=\"507\" data-end=\"769\">Actualmente, Loor no est\u00e1 viendo minutos en IDV Juniors, situaci\u00f3n que refuerza los rumores sobre su inminente salida del club.<\/p>\n<p class=\"\" data-start=\"507\" data-end=\"769\">Los colegas de\u00a0<strong>SEGMENTO F\u00daTBOL<\/strong>\u00a0indican que esta decisi\u00f3n se deber\u00eda precisamente a las negociaciones en curso, ya que su salida parece muy probable.<\/p>\n<p class=\"\" data-start=\"771\" data-end=\"930\">El futuro del prometedor arquero podr\u00eda definirse en el mercado de junio, donde se espera que se concreten movimientos importantes para su carrera profesional.<strong> (D)<\/strong><\/p>\n<p data-start=\"771\" data-end=\"930\">\n<p data-start=\"771\" data-end=\"930\"><strong>Fuente:<\/strong> evaf.net &#8211; studiofutbol.com.ec<\/p>\n<div class=\"gsp_post_data\" \r\n\t            data-post_type=\"post\" \r\n\t            data-cat=\"deportes-ecuador\" \r\n\t            data-modified=\"120\"\r\n\t            data-created=\"1745425219\"\r\n\t            data-title=\"Cristian Loor, con propuestas desde Brasil\" \r\n\t            data-home=\"https:\/\/www.evafm.net\/sitio\"><\/div>","protected":false},"excerpt":{"rendered":"<p>Cristian Loor, joven arquero ecuatoriano de 19 a\u00f1os, se perfila como una de las posibles bajas de Independiente del Valle en el pr\u00f3ximo mercado de fichajes. El guardameta ha despertado el inter\u00e9s de equipos del f\u00fatbol brasile\u00f1o, lo que abre la puerta a una posible salida internacional en las pr\u00f3ximas semanas. &nbsp; Actualmente, Loor no&#8230;<\/p>\n","protected":false},"author":5,"featured_media":88422,"comment_status":"closed","ping_status":"open","sticky":false,"template":"","format":"standard","meta":{"_joinchat":[],"footnotes":""},"categories":[1557],"tags":[],"class_list":["post-88421","post","type-post","status-publish","format-standard","has-post-thumbnail","hentry","category-deportes-ecuador","have-post-thumb"],"_links":{"self":[{"href":"https:\/\/www.evafm.net\/sitio\/wp-json\/wp\/v2\/posts\/88421","targetHints":{"allow":["GET"]}}],"collection":[{"href":"https:\/\/www.evafm.net\/sitio\/wp-json\/wp\/v2\/posts"}],"about":[{"href":"https:\/\/www.evafm.net\/sitio\/wp-json\/wp\/v2\/types\/post"}],"author":[{"embeddable":true,"href":"https:\/\/www.evafm.net\/sitio\/wp-json\/wp\/v2\/users\/5"}],"replies":[{"embeddable":true,"href":"https:\/\/www.evafm.net\/sitio\/wp-json\/wp\/v2\/comments?post=88421"}],"version-history":[{"count":2,"href":"https:\/\/www.evafm.net\/sitio\/wp-json\/wp\/v2\/posts\/88421\/revisions"}],"predecessor-version":[{"id":88424,"href":"https:\/\/www.evafm.net\/sitio\/wp-json\/wp\/v2\/posts\/88421\/revisions\/88424"}],"wp:featuredmedia":[{"embeddable":true,"href":"https:\/\/www.evafm.net\/sitio\/wp-json\/wp\/v2\/media\/88422"}],"wp:attachment":[{"href":"https:\/\/www.evafm.net\/sitio\/wp-json\/wp\/v2\/media?parent=88421"}],"wp:term":[{"taxonomy":"category","embeddable":true,"href":"https:\/\/www.evafm.net\/sitio\/wp-json\/wp\/v2\/categories?post=88421"},{"taxonomy":"post_tag","embeddable":true,"href":"https:\/\/www.evafm.net\/sitio\/wp-json\/wp\/v2\/tags?post=88421"}],"curies":[{"name":"wp","href":"https:\/\/api.w.org\/{rel}","templated":true}]}}