{"id":88428,"date":"2025-04-23T16:44:35","date_gmt":"2025-04-23T21:44:35","guid":{"rendered":"https:\/\/www.evafm.net\/sitio\/?p=88428"},"modified":"2025-04-23T16:44:35","modified_gmt":"2025-04-23T21:44:35","slug":"emelec-paga-multa-ante-la-fifa-con-la-mira-en-el-mercado-de-fichajes","status":"publish","type":"post","link":"https:\/\/www.evafm.net\/sitio\/emelec-paga-multa-ante-la-fifa-con-la-mira-en-el-mercado-de-fichajes\/","title":{"rendered":"Emelec paga multa ante la FIFA con la mira en el mercado de fichajes"},"content":{"rendered":"<p><a href=\"https:\/\/www.ecuavisa.com\/metadatos\/-\/meta\/emelec\" target=\"_blank\" rel=\"noopener noreferrer\">Emelec<\/a>\u00a0da el primer paso para volver al mercado de fichajes en el segundos semestre de la temporada.<\/p>\n<p>La nueva directiva del club guayaquile\u00f1o trabaja contrarreloj para levantar las restricciones impuestas por la\u00a0<a href=\"https:\/\/www.ecuavisa.com\/metadatos\/-\/meta\/fifa\" target=\"_blank\" rel=\"noopener noreferrer\">FIFA<\/a>, y en las \u00faltimas horas<b> cancel\u00f3 una multa de USD 12 mil<\/b><\/p>\n<p>seg\u00fan inform\u00f3 el periodista<strong> Javier Ru\u00edz.<\/strong><\/p>\n<p>&nbsp;<\/p>\n<p>Este pago responde a una sanci\u00f3n econ\u00f3mica que se manten\u00eda impaga, lo cual manten\u00eda al cuadro el\u00e9ctrico bajo un bloqueo parcial.<\/p>\n<p>Recordemos que esta sanci\u00f3n fue impuesta por\u00a0<b>inscribir tres juveniles la temporada pasada,\u00a0<\/b>a pesar de tener prohibido hacerlo debido a una penalizaci\u00f3n previa.<\/p>\n<p>Adem\u00e1s, el pasado 17 de marzo el\u00a0<b>TAS\u00a0<\/b>ratific\u00f3 la sanci\u00f3n impuesta por la\u00a0<a href=\"https:\/\/www.ecuavisa.com\/metadatos\/-\/meta\/fifa\" target=\"_blank\" rel=\"nofollow noopener noreferrer\">FIFA<\/a>\u00a0a\u00a0<a href=\"https:\/\/www.ecuavisa.com\/metadatos\/-\/meta\/emelec\" target=\"_blank\" rel=\"nofollow noopener noreferrer\">Emelec<\/a>, la cual representa la\u00a0<b>prohibici\u00f3n de inscripci\u00f3n por dos periodos<\/b>.<\/p>\n<p>&nbsp;<\/p>\n<p>La cancelaci\u00f3n de este monto representa un avance, aunque no resuelve del todo el panorama: el equipo azul todav\u00eda tiene varios procesos abiertos ante el ente rector del<\/p>\n<p>f\u00fatbol mundial, lo que le impide, por ahora, fichar nuevos jugadores.<\/p>\n<p>&nbsp;<\/p>\n<p>Adicional a esto,\u00a0<a href=\"https:\/\/www.ecuavisa.com\/metadatos\/-\/meta\/emelec\" target=\"_blank\" rel=\"noopener noreferrer\">Emelec<\/a>\u00a0tiene actualmente seis prohibiciones de registro en <strong>FIFA,<\/strong> para inscribir jugadores a nivel nacional e internacional, seg\u00fan informaci\u00f3n de<b> Marcelo Bee<\/b><\/p>\n<p><b> especialista en derecho deportivo. (D)<\/b><\/p>\n<p>&nbsp;<\/p>\n<ul>\n<li class=\"bullet\">8 de abril de 2024 &#8211; \u200bDos periodos<\/li>\n<li class=\"bullet\">30 de mayo de 2024 &#8211; \u200bTres periodos<\/li>\n<li class=\"bullet\">12 de junio de 2024 &#8211; \u200bTres periodos<\/li>\n<li class=\"bullet\">27 de junio de 2024 &#8211; Tres periodos<\/li>\n<li class=\"bullet\">25 de octubre de 2024 &#8211; Tres periodos<\/li>\n<li class=\"bullet\">6 de diciembre de 2024 &#8211; \u200bHasta que pague<\/li>\n<\/ul>\n<p>&nbsp;<\/p>\n<p><strong>Fuente:<\/strong> evafm.net &#8211; studiofutbol.com.ec<\/p>\n<p>&nbsp;<\/p>\n<div class=\"gsp_post_data\" \r\n\t            data-post_type=\"post\" \r\n\t            data-cat=\"deportes-ecuador\" \r\n\t            data-modified=\"120\"\r\n\t            data-created=\"1745426675\"\r\n\t            data-title=\"Emelec paga multa ante la FIFA con la mira en el mercado de fichajes\" \r\n\t            data-home=\"https:\/\/www.evafm.net\/sitio\"><\/div>","protected":false},"excerpt":{"rendered":"<p>Emelec\u00a0da el primer paso para volver al mercado de fichajes en el segundos semestre de la temporada. La nueva directiva del club guayaquile\u00f1o trabaja contrarreloj para levantar las restricciones impuestas por la\u00a0FIFA, y en las \u00faltimas horas cancel\u00f3 una multa de USD 12 mil seg\u00fan inform\u00f3 el periodista Javier Ru\u00edz. &nbsp; Este pago responde a&#8230;<\/p>\n","protected":false},"author":5,"featured_media":88429,"comment_status":"closed","ping_status":"open","sticky":false,"template":"","format":"standard","meta":{"_joinchat":[],"footnotes":""},"categories":[1557],"tags":[],"class_list":["post-88428","post","type-post","status-publish","format-standard","has-post-thumbnail","hentry","category-deportes-ecuador","have-post-thumb"],"_links":{"self":[{"href":"https:\/\/www.evafm.net\/sitio\/wp-json\/wp\/v2\/posts\/88428","targetHints":{"allow":["GET"]}}],"collection":[{"href":"https:\/\/www.evafm.net\/sitio\/wp-json\/wp\/v2\/posts"}],"about":[{"href":"https:\/\/www.evafm.net\/sitio\/wp-json\/wp\/v2\/types\/post"}],"author":[{"embeddable":true,"href":"https:\/\/www.evafm.net\/sitio\/wp-json\/wp\/v2\/users\/5"}],"replies":[{"embeddable":true,"href":"https:\/\/www.evafm.net\/sitio\/wp-json\/wp\/v2\/comments?post=88428"}],"version-history":[{"count":1,"href":"https:\/\/www.evafm.net\/sitio\/wp-json\/wp\/v2\/posts\/88428\/revisions"}],"predecessor-version":[{"id":88430,"href":"https:\/\/www.evafm.net\/sitio\/wp-json\/wp\/v2\/posts\/88428\/revisions\/88430"}],"wp:featuredmedia":[{"embeddable":true,"href":"https:\/\/www.evafm.net\/sitio\/wp-json\/wp\/v2\/media\/88429"}],"wp:attachment":[{"href":"https:\/\/www.evafm.net\/sitio\/wp-json\/wp\/v2\/media?parent=88428"}],"wp:term":[{"taxonomy":"category","embeddable":true,"href":"https:\/\/www.evafm.net\/sitio\/wp-json\/wp\/v2\/categories?post=88428"},{"taxonomy":"post_tag","embeddable":true,"href":"https:\/\/www.evafm.net\/sitio\/wp-json\/wp\/v2\/tags?post=88428"}],"curies":[{"name":"wp","href":"https:\/\/api.w.org\/{rel}","templated":true}]}}