{"id":88431,"date":"2025-04-23T16:58:02","date_gmt":"2025-04-23T21:58:02","guid":{"rendered":"https:\/\/www.evafm.net\/sitio\/?p=88431"},"modified":"2025-04-23T16:58:02","modified_gmt":"2025-04-23T21:58:02","slug":"sebastian-rodriguez-vuelve-a-emelec","status":"publish","type":"post","link":"https:\/\/www.evafm.net\/sitio\/sebastian-rodriguez-vuelve-a-emelec\/","title":{"rendered":"\u00bfSebasti\u00e1n Rodr\u00edguez vuelve a Emelec?"},"content":{"rendered":"<p><strong>Jorge Guzm\u00e1n Mancilla<\/strong>, presidente de Emelec, est\u00e1 liderando esfuerzos clave para resolver las sanciones impuestas por la<strong> FIFA<\/strong> que restring\u00edan al club la inscripci\u00f3n de nuevos jugadores<\/p>\n<p>mientras avanza en la planificaci\u00f3n de refuerzos para la pr\u00f3xima temporada. En una entrevista con Diario El Universo, el directivo anunci\u00f3 que el club se inclinar\u00e1 por la \u201cl\u00ednea uruguaya\u201d.<\/p>\n<p>para fortalecer el equipo dirigido por Jorge C\u00e9lico, buscando futbolistas recomendados por el entrenador y otros sugeridos por la dirigencia, adem\u00e1s de considerar algunas incorporaciones<\/p>\n<p>nacionales.<\/p>\n<p>&nbsp;<\/p>\n<p>Uno de los nombres que genera mayor expectativa es el de Sebasti\u00e1n Rodr\u00edguez, exjugador del club y favorito de la hinchada. Guzm\u00e1n confirm\u00f3 que ya han iniciado conversaciones<\/p>\n<p>con el mediocampista uruguayo:<\/p>\n<p>&nbsp;<\/p>\n<p><em><strong>\u201cHemos conversado con el jugador, quien tiene todo el inter\u00e9s de regresar al club. Esperamos llegar a un acuerdo, que a\u00fan no se ha obtenido, pero estamos en <\/strong><\/em><\/p>\n<p><em><strong>conversaciones <\/strong><\/em><em><strong>y el futbolista tiene toda la buena voluntad de regresar\u201d.<\/strong><\/em><\/p>\n<p>Estas negociaciones han ilusionado a los aficionados el\u00e9ctricos, que ven en Rodr\u00edguez un refuerzo de jerarqu\u00eda para el mediocampo.<\/p>\n<p>&nbsp;<\/p>\n<p>Adem\u00e1s, Guzm\u00e1n Mancilla detall\u00f3 un avance significativo en la resoluci\u00f3n de los problemas administrativos que afectaban al club.<\/p>\n<p><em><strong>\u201cAyer (el martes) pagamos 10.000 francos suizos a la FIFA, que nos permitir\u00e1 afrontar el pago de las otras acreencias (deudas) de quienes nos han presentado las<\/strong><\/em><\/p>\n<p><em><strong> demandas ante <\/strong><\/em><em><strong>ese organismo.<\/strong><\/em><\/p>\n<p>&nbsp;<\/p>\n<p><em><strong>Lo que se hizo es para liberar la sanci\u00f3n que tenemos por la inscripci\u00f3n de jugadores que se hizo de forma irregular en el anterior periodo\u201d<\/strong><\/em>, explic\u00f3.<\/p>\n<p>Este pago es el primer paso para levantar la prohibici\u00f3n de fichar nuevos jugadores, y el presidente asegur\u00f3 que esperan cerrar acuerdos con los acreedores la pr\u00f3xima semana<\/p>\n<p>lo que habilitar\u00eda al club para incorporar refuerzos a partir de junio. <strong>(D)<\/strong><\/p>\n<p>&nbsp;<\/p>\n<p><strong>Fuente:<\/strong> evafm.net &#8211; studiofutbol.com.ec<\/p>\n<div class=\"google-auto-placed ap_container\"><\/div>\n<div class=\"gsp_post_data\" \r\n\t            data-post_type=\"post\" \r\n\t            data-cat=\"deportes-ecuador\" \r\n\t            data-modified=\"120\"\r\n\t            data-created=\"1745427482\"\r\n\t            data-title=\"\u00bfSebasti\u00e1n Rodr\u00edguez vuelve a Emelec?\" \r\n\t            data-home=\"https:\/\/www.evafm.net\/sitio\"><\/div>","protected":false},"excerpt":{"rendered":"<p>Jorge Guzm\u00e1n Mancilla, presidente de Emelec, est\u00e1 liderando esfuerzos clave para resolver las sanciones impuestas por la FIFA que restring\u00edan al club la inscripci\u00f3n de nuevos jugadores mientras avanza en la planificaci\u00f3n de refuerzos para la pr\u00f3xima temporada. En una entrevista con Diario El Universo, el directivo anunci\u00f3 que el club se inclinar\u00e1 por la&#8230;<\/p>\n","protected":false},"author":5,"featured_media":88433,"comment_status":"closed","ping_status":"open","sticky":false,"template":"","format":"standard","meta":{"_joinchat":[],"footnotes":""},"categories":[1557],"tags":[],"class_list":["post-88431","post","type-post","status-publish","format-standard","has-post-thumbnail","hentry","category-deportes-ecuador","have-post-thumb"],"_links":{"self":[{"href":"https:\/\/www.evafm.net\/sitio\/wp-json\/wp\/v2\/posts\/88431","targetHints":{"allow":["GET"]}}],"collection":[{"href":"https:\/\/www.evafm.net\/sitio\/wp-json\/wp\/v2\/posts"}],"about":[{"href":"https:\/\/www.evafm.net\/sitio\/wp-json\/wp\/v2\/types\/post"}],"author":[{"embeddable":true,"href":"https:\/\/www.evafm.net\/sitio\/wp-json\/wp\/v2\/users\/5"}],"replies":[{"embeddable":true,"href":"https:\/\/www.evafm.net\/sitio\/wp-json\/wp\/v2\/comments?post=88431"}],"version-history":[{"count":1,"href":"https:\/\/www.evafm.net\/sitio\/wp-json\/wp\/v2\/posts\/88431\/revisions"}],"predecessor-version":[{"id":88434,"href":"https:\/\/www.evafm.net\/sitio\/wp-json\/wp\/v2\/posts\/88431\/revisions\/88434"}],"wp:featuredmedia":[{"embeddable":true,"href":"https:\/\/www.evafm.net\/sitio\/wp-json\/wp\/v2\/media\/88433"}],"wp:attachment":[{"href":"https:\/\/www.evafm.net\/sitio\/wp-json\/wp\/v2\/media?parent=88431"}],"wp:term":[{"taxonomy":"category","embeddable":true,"href":"https:\/\/www.evafm.net\/sitio\/wp-json\/wp\/v2\/categories?post=88431"},{"taxonomy":"post_tag","embeddable":true,"href":"https:\/\/www.evafm.net\/sitio\/wp-json\/wp\/v2\/tags?post=88431"}],"curies":[{"name":"wp","href":"https:\/\/api.w.org\/{rel}","templated":true}]}}