{"id":88454,"date":"2025-04-24T15:28:37","date_gmt":"2025-04-24T20:28:37","guid":{"rendered":"https:\/\/www.evafm.net\/sitio\/?p=88454"},"modified":"2025-04-24T15:28:37","modified_gmt":"2025-04-24T20:28:37","slug":"independiente-y-river-plate-empataron-2-2-conmebol-libertadores-2025","status":"publish","type":"post","link":"https:\/\/www.evafm.net\/sitio\/independiente-y-river-plate-empataron-2-2-conmebol-libertadores-2025\/","title":{"rendered":"Independiente y River Plate empataron 2 -2 Conmebol Libertadores 2025"},"content":{"rendered":"<p>Continuamos con el espect\u00e1culo maravilloso con sabor a futbol en el evento <strong>Conmebol Libertadores 2025 Fase de Grupos Grupo B Jornada 3.\u00a0<\/strong><\/p>\n<p>se enfrentaron<strong> C.A.R.E.I. del Valle vs C.A. River Plate,<\/strong> en el estadio del sector de<strong> Amagua\u00f1a.\u00a0<\/strong><\/p>\n<p>&nbsp;<\/p>\n<p><strong>Los Rayados del Valle<\/strong> no pudieron sostener el <strong>marcador de 2 &#8211; 0 <\/strong>sobre<strong> River Plate <\/strong>en el primer <strong>tiempo y El equipo de La Banda<\/strong><\/p>\n<p>logro empatar en el segundo tiempo<strong>\u00a02 &#8211; 2\u00a0<\/strong><\/p>\n<p>&nbsp;<\/p>\n<p>en la <strong>Fecha 4 Independiente del Valle<\/strong> visitara a <strong>Universitario<\/strong> de <strong>Deportes <\/strong>el <strong>jueves 8 de mayo<\/strong> a las<strong> 21:00 <\/strong>en el estadio <strong>Monumental U<\/strong><\/p>\n<p><strong>River Plate<\/strong> visitara a <strong>Barcelona<\/strong> el <strong>jueves 8 de mayo<\/strong> a las <strong>19:30<\/strong> en el estadio <strong>Monumental. (D)<\/strong><\/p>\n<p>&nbsp;<\/p>\n<p><strong>Goles de Independiente del Valle:<\/strong><\/p>\n<p><strong>Claudio Spinelli<\/strong> en el <strong>(minuto 24 y 30)<\/strong><\/p>\n<p>&nbsp;<\/p>\n<p><strong>Goles de River Plate:<\/strong><\/p>\n<p><strong>Giuliano Galoppo<\/strong> en el <strong>(minuto 68)<\/strong><\/p>\n<p><strong>Sebastian Driussi<\/strong> en el <strong>(minuto 74)<\/strong><\/p>\n<p>&nbsp;<\/p>\n<p><iframe title=\"EL MILLONARIO PERD\u00cdA 2-0 Y RESCAT\u00d3 UN EMPATE M\u00cdSTICO EN ECUADOR | IDV 2-2 River | RESUMEN\" width=\"1200\" height=\"675\" src=\"https:\/\/www.youtube.com\/embed\/UYwtnhVDT6Y?feature=oembed\" frameborder=\"0\" allow=\"accelerometer; autoplay; clipboard-write; encrypted-media; gyroscope; picture-in-picture; web-share\" referrerpolicy=\"strict-origin-when-cross-origin\" allowfullscreen><\/iframe><\/p>\n<p>&nbsp;<\/p>\n<p>Fuente; evafm.net &#8211; youtube.com<\/p>\n<p>&nbsp;<\/p>\n<p>&nbsp;<\/p>\n<div class=\"gsp_post_data\" \r\n\t            data-post_type=\"post\" \r\n\t            data-cat=\"deportes-internacionales\" \r\n\t            data-modified=\"120\"\r\n\t            data-created=\"1745508517\"\r\n\t            data-title=\"Independiente y River Plate empataron 2 -2 Conmebol Libertadores 2025\" \r\n\t            data-home=\"https:\/\/www.evafm.net\/sitio\"><\/div>","protected":false},"excerpt":{"rendered":"<p>Continuamos con el espect\u00e1culo maravilloso con sabor a futbol en el evento Conmebol Libertadores 2025 Fase de Grupos Grupo B Jornada 3.\u00a0 se enfrentaron C.A.R.E.I. del Valle vs C.A. River Plate, en el estadio del sector de Amagua\u00f1a.\u00a0 &nbsp; Los Rayados del Valle no pudieron sostener el marcador de 2 &#8211; 0 sobre River Plate&#8230;<\/p>\n","protected":false},"author":5,"featured_media":88455,"comment_status":"closed","ping_status":"open","sticky":false,"template":"","format":"standard","meta":{"_joinchat":[],"footnotes":""},"categories":[1342],"tags":[],"class_list":["post-88454","post","type-post","status-publish","format-standard","has-post-thumbnail","hentry","category-deportes-internacionales","have-post-thumb"],"_links":{"self":[{"href":"https:\/\/www.evafm.net\/sitio\/wp-json\/wp\/v2\/posts\/88454","targetHints":{"allow":["GET"]}}],"collection":[{"href":"https:\/\/www.evafm.net\/sitio\/wp-json\/wp\/v2\/posts"}],"about":[{"href":"https:\/\/www.evafm.net\/sitio\/wp-json\/wp\/v2\/types\/post"}],"author":[{"embeddable":true,"href":"https:\/\/www.evafm.net\/sitio\/wp-json\/wp\/v2\/users\/5"}],"replies":[{"embeddable":true,"href":"https:\/\/www.evafm.net\/sitio\/wp-json\/wp\/v2\/comments?post=88454"}],"version-history":[{"count":1,"href":"https:\/\/www.evafm.net\/sitio\/wp-json\/wp\/v2\/posts\/88454\/revisions"}],"predecessor-version":[{"id":88456,"href":"https:\/\/www.evafm.net\/sitio\/wp-json\/wp\/v2\/posts\/88454\/revisions\/88456"}],"wp:featuredmedia":[{"embeddable":true,"href":"https:\/\/www.evafm.net\/sitio\/wp-json\/wp\/v2\/media\/88455"}],"wp:attachment":[{"href":"https:\/\/www.evafm.net\/sitio\/wp-json\/wp\/v2\/media?parent=88454"}],"wp:term":[{"taxonomy":"category","embeddable":true,"href":"https:\/\/www.evafm.net\/sitio\/wp-json\/wp\/v2\/categories?post=88454"},{"taxonomy":"post_tag","embeddable":true,"href":"https:\/\/www.evafm.net\/sitio\/wp-json\/wp\/v2\/tags?post=88454"}],"curies":[{"name":"wp","href":"https:\/\/api.w.org\/{rel}","templated":true}]}}